{"id":11365,"date":"2023-12-07T11:20:00","date_gmt":"2023-12-07T14:20:00","guid":{"rendered":"https:\/\/international.nubank.com.br\/?p=11365"},"modified":"2023-12-13T11:27:57","modified_gmt":"2023-12-13T14:27:57","slug":"inclusion-financiera-y-transformacion-digital-el-futuro-de-la-banca-en-nuestra-region","status":"publish","type":"post","link":"https:\/\/international.nubank.com.br\/es\/compania\/inclusion-financiera-y-transformacion-digital-el-futuro-de-la-banca-en-nuestra-region\/","title":{"rendered":"Inclusi\u00f3n financiera y transformaci\u00f3n digital: El futuro de la banca en nuestra regi\u00f3n"},"content":{"rendered":"\n<p>Este mes celebro seis meses desde que me un\u00ed a Nu, un viaje fascinante que me ha confirmado la visi\u00f3n de que el futuro de la banca reside en nuestra regi\u00f3n. En pa\u00edses como Colombia, Brasil y M\u00e9xico la transformaci\u00f3n est\u00e1 ocurriendo en tiempo real.<\/p>\n\n\n\n<p>La revoluci\u00f3n financiera es innegablemente digital. Seg\u00fan estudios del Banco Mundial, es crucial aprovechar la tendencia hacia la digitalizaci\u00f3n para mejorar la vida de los casi 1.400 millones de adultos en el mundo que a\u00fan no tienen acceso al sector financiero. Y en esta l\u00ednea, el informe Global Findex 2021 destaca la importancia de la tecnolog\u00eda para, precisamente, lograr ese acceso.<\/p>\n\n\n\n<p>Las brechas de inclusi\u00f3n en Colombia son a\u00fan inaceptables. Seg\u00fan el Informe de Inclusi\u00f3n Financiera 2022 de la Banca de las Oportunidades, solo el 22.5% de los adultos colombianos tienen una tarjeta de cr\u00e9dito y el 36.2% tienen acceso a productos de cr\u00e9dito. A pesar de que el 79.6% de los adultos posee cuentas de ahorro, solo el 51.9% las utiliza activamente, debido a tarifas, mal servicio y confusi\u00f3n.<\/p>\n\n\n\n<p>El modelo de Nu, que es 100% digital, nos ha permitido avanzar en nuestra misi\u00f3n de lograr mayor inclusi\u00f3n a trav\u00e9s de la tecnolog\u00eda. \u00bfC\u00f3mo? Al no tener sucursales f\u00edsicas, cualquier persona que tenga acceso a un tel\u00e9fono inteligente y conexi\u00f3n a internet, tiene una sucursal en su bolsillo con Nu. Esto nos ha permitido lograr una capilaridad sin precedentes en el pa\u00eds. En poco m\u00e1s de 2 a\u00f1os, ya hemos alcanzado el 90% de los municipios en Colombia, en el 100% de los departamentos. Y si pensamos m\u00e1s all\u00e1 de Colombia, las cifras de Nu no dejan de sorprender: este mes, por ejemplo, conmemoramos nuestra salida a bolsa en 2021. En ese momento, ten\u00edamos cerca de 48 millones de clientes y tan solo dos a\u00f1os despu\u00e9s esa cifra alcanz\u00f3 los 90 millones.&nbsp;<\/p>\n\n\n\n<p>Adem\u00e1s, nuestros modelos de cr\u00e9dito consideran variables demogr\u00e1ficas, comportamentales y de riesgo crediticio, lo que nos permite incluir a personas tradicionalmente excluidas del cr\u00e9dito. Para el 30% de nuestros clientes, la tarjeta de cr\u00e9dito Nu ha sido su primera experiencia crediticia, y de ese porcentaje, el 51% son mujeres.<\/p>\n\n\n\n<p>Cierro el a\u00f1o con orgullo de ver el impacto que hemos logrado en tan corto tiempo, y tambi\u00e9n con mucha emoci\u00f3n de lo que se viene en 2024. Pero adem\u00e1s, reconociendo el balance positivo del pa\u00eds en cuanto a innovaci\u00f3n bancaria. La regulaci\u00f3n en finanzas abiertas ha evolucionado, y as\u00ed mismo cada vez m\u00e1s actores ofrecen productos y servicios pensando en los consumidores locales y sus necesidades.&nbsp;<\/p>\n\n\n\n<p>A\u00fan hay mucho trabajo por hacer para lograr la meta de innovaci\u00f3n e inclusi\u00f3n financiera. Pero reitero, se han dado grandes pasos. Como lo mencion\u00e9 al inicio, el futuro de la banca est\u00e1 en nuestra regi\u00f3n, es aqu\u00ed y ahora, y es digital.<\/p>\n\n\n\n<p><\/p>\n\n\n\n<p><strong>Por: Marcela Torres, gerente general de Nu Colombia<\/strong><\/p>\n","protected":false},"excerpt":{"rendered":"<p>Por: Marcela Torres, gerente general de Nu Colombia<\/p>\n","protected":false},"author":8,"featured_media":9855,"comment_status":"open","ping_status":"open","sticky":false,"template":"","format":"standard","meta":{"_acf_changed":false,"footnotes":""},"categories":[68],"tags":[90],"class_list":["post-11365","post","type-post","status-publish","format-standard","has-post-thumbnail","hentry","category-compania","tag-nu-colombia"],"acf":[],"yoast_head":"<!-- This site is optimized with the Yoast SEO plugin v27.5 - https:\/\/yoast.com\/product\/yoast-seo-wordpress\/ -->\n<title>Inclusi\u00f3n financiera y transformaci\u00f3n digital: El futuro de la banca en nuestra regi\u00f3n - Nu International<\/title>\n<meta name=\"robots\" content=\"index, follow, max-snippet:-1, max-image-preview:large, max-video-preview:-1\" \/>\n<link rel=\"canonical\" href=\"https:\/\/international.nubank.com.br\/es\/compania\/inclusion-financiera-y-transformacion-digital-el-futuro-de-la-banca-en-nuestra-region\/\" \/>\n<meta property=\"og:locale\" content=\"es_ES\" \/>\n<meta property=\"og:type\" content=\"article\" \/>\n<meta property=\"og:title\" content=\"Inclusi\u00f3n financiera y transformaci\u00f3n digital: El futuro de la banca en nuestra regi\u00f3n - Nu International\" \/>\n<meta property=\"og:description\" content=\"Por: Marcela Torres, gerente general de Nu Colombia\" \/>\n<meta property=\"og:url\" content=\"https:\/\/international.nubank.com.br\/es\/compania\/inclusion-financiera-y-transformacion-digital-el-futuro-de-la-banca-en-nuestra-region\/\" \/>\n<meta property=\"og:site_name\" content=\"Nu International\" \/>\n<meta property=\"article:published_time\" content=\"2023-12-07T14:20:00+00:00\" \/>\n<meta property=\"article:modified_time\" content=\"2023-12-13T14:27:57+00:00\" \/>\n<meta property=\"og:image\" content=\"https:\/\/international.nubank.com.br\/wp-content\/uploads\/2023\/08\/Copy-of-NBK02875-1.jpg\" \/>\n\t<meta property=\"og:image:width\" content=\"2048\" \/>\n\t<meta property=\"og:image:height\" content=\"1365\" \/>\n\t<meta property=\"og:image:type\" content=\"image\/jpeg\" \/>\n<meta name=\"author\" content=\"nuluizapollo\" \/>\n<meta name=\"twitter:card\" content=\"summary_large_image\" \/>\n<meta name=\"twitter:label1\" content=\"Escrito por\" \/>\n\t<meta name=\"twitter:data1\" content=\"nuluizapollo\" \/>\n<script type=\"application\/ld+json\" class=\"yoast-schema-graph\">{\"@context\":\"https:\\\/\\\/schema.org\",\"@graph\":[{\"@type\":\"NewsArticle\",\"@id\":\"https:\\\/\\\/international.nubank.com.br\\\/es\\\/compania\\\/inclusion-financiera-y-transformacion-digital-el-futuro-de-la-banca-en-nuestra-region\\\/#article\",\"isPartOf\":{\"@id\":\"https:\\\/\\\/international.nubank.com.br\\\/es\\\/compania\\\/inclusion-financiera-y-transformacion-digital-el-futuro-de-la-banca-en-nuestra-region\\\/\"},\"author\":{\"name\":\"nuluizapollo\",\"@id\":\"https:\\\/\\\/international.nubank.com.br\\\/es\\\/#\\\/schema\\\/person\\\/44d6a2d02d9905ee515a6d545217cd88\"},\"headline\":\"Inclusi\u00f3n financiera y transformaci\u00f3n digital: El futuro de la banca en nuestra regi\u00f3n\",\"datePublished\":\"2023-12-07T14:20:00+00:00\",\"dateModified\":\"2023-12-13T14:27:57+00:00\",\"mainEntityOfPage\":{\"@id\":\"https:\\\/\\\/international.nubank.com.br\\\/es\\\/compania\\\/inclusion-financiera-y-transformacion-digital-el-futuro-de-la-banca-en-nuestra-region\\\/\"},\"wordCount\":526,\"commentCount\":0,\"publisher\":{\"@id\":\"https:\\\/\\\/international.nubank.com.br\\\/es\\\/#organization\"},\"image\":{\"@id\":\"https:\\\/\\\/international.nubank.com.br\\\/es\\\/compania\\\/inclusion-financiera-y-transformacion-digital-el-futuro-de-la-banca-en-nuestra-region\\\/#primaryimage\"},\"thumbnailUrl\":\"https:\\\/\\\/international.nubank.com.br\\\/wp-content\\\/uploads\\\/2023\\\/08\\\/Copy-of-NBK02875-1.jpg\",\"keywords\":[\"Nu Colombia\"],\"articleSection\":[\"Compa\u00f1\u00eda\"],\"inLanguage\":\"es\",\"potentialAction\":[{\"@type\":\"CommentAction\",\"name\":\"Comment\",\"target\":[\"https:\\\/\\\/international.nubank.com.br\\\/es\\\/compania\\\/inclusion-financiera-y-transformacion-digital-el-futuro-de-la-banca-en-nuestra-region\\\/#respond\"]}]},{\"@type\":\"WebPage\",\"@id\":\"https:\\\/\\\/international.nubank.com.br\\\/es\\\/compania\\\/inclusion-financiera-y-transformacion-digital-el-futuro-de-la-banca-en-nuestra-region\\\/\",\"url\":\"https:\\\/\\\/international.nubank.com.br\\\/es\\\/compania\\\/inclusion-financiera-y-transformacion-digital-el-futuro-de-la-banca-en-nuestra-region\\\/\",\"name\":\"Inclusi\u00f3n financiera y transformaci\u00f3n digital: El futuro de la banca en nuestra regi\u00f3n - Nu International\",\"isPartOf\":{\"@id\":\"https:\\\/\\\/international.nubank.com.br\\\/es\\\/#website\"},\"primaryImageOfPage\":{\"@id\":\"https:\\\/\\\/international.nubank.com.br\\\/es\\\/compania\\\/inclusion-financiera-y-transformacion-digital-el-futuro-de-la-banca-en-nuestra-region\\\/#primaryimage\"},\"image\":{\"@id\":\"https:\\\/\\\/international.nubank.com.br\\\/es\\\/compania\\\/inclusion-financiera-y-transformacion-digital-el-futuro-de-la-banca-en-nuestra-region\\\/#primaryimage\"},\"thumbnailUrl\":\"https:\\\/\\\/international.nubank.com.br\\\/wp-content\\\/uploads\\\/2023\\\/08\\\/Copy-of-NBK02875-1.jpg\",\"datePublished\":\"2023-12-07T14:20:00+00:00\",\"dateModified\":\"2023-12-13T14:27:57+00:00\",\"breadcrumb\":{\"@id\":\"https:\\\/\\\/international.nubank.com.br\\\/es\\\/compania\\\/inclusion-financiera-y-transformacion-digital-el-futuro-de-la-banca-en-nuestra-region\\\/#breadcrumb\"},\"inLanguage\":\"es\",\"potentialAction\":[{\"@type\":\"ReadAction\",\"target\":[\"https:\\\/\\\/international.nubank.com.br\\\/es\\\/compania\\\/inclusion-financiera-y-transformacion-digital-el-futuro-de-la-banca-en-nuestra-region\\\/\"]}]},{\"@type\":\"ImageObject\",\"inLanguage\":\"es\",\"@id\":\"https:\\\/\\\/international.nubank.com.br\\\/es\\\/compania\\\/inclusion-financiera-y-transformacion-digital-el-futuro-de-la-banca-en-nuestra-region\\\/#primaryimage\",\"url\":\"https:\\\/\\\/international.nubank.com.br\\\/wp-content\\\/uploads\\\/2023\\\/08\\\/Copy-of-NBK02875-1.jpg\",\"contentUrl\":\"https:\\\/\\\/international.nubank.com.br\\\/wp-content\\\/uploads\\\/2023\\\/08\\\/Copy-of-NBK02875-1.jpg\",\"width\":2048,\"height\":1365},{\"@type\":\"BreadcrumbList\",\"@id\":\"https:\\\/\\\/international.nubank.com.br\\\/es\\\/compania\\\/inclusion-financiera-y-transformacion-digital-el-futuro-de-la-banca-en-nuestra-region\\\/#breadcrumb\",\"itemListElement\":[{\"@type\":\"ListItem\",\"position\":1,\"name\":\"Home\",\"item\":\"https:\\\/\\\/international.nubank.com.br\\\/es\\\/\"},{\"@type\":\"ListItem\",\"position\":2,\"name\":\"Inclusi\u00f3n financiera y transformaci\u00f3n digital: El futuro de la banca en nuestra regi\u00f3n\"}]},{\"@type\":\"WebSite\",\"@id\":\"https:\\\/\\\/international.nubank.com.br\\\/es\\\/#website\",\"url\":\"https:\\\/\\\/international.nubank.com.br\\\/es\\\/\",\"name\":\"Nu International\",\"description\":\"\",\"publisher\":{\"@id\":\"https:\\\/\\\/international.nubank.com.br\\\/es\\\/#organization\"},\"potentialAction\":[{\"@type\":\"SearchAction\",\"target\":{\"@type\":\"EntryPoint\",\"urlTemplate\":\"https:\\\/\\\/international.nubank.com.br\\\/es\\\/?s={search_term_string}\"},\"query-input\":{\"@type\":\"PropertyValueSpecification\",\"valueRequired\":true,\"valueName\":\"search_term_string\"}}],\"inLanguage\":\"es\"},{\"@type\":\"Organization\",\"@id\":\"https:\\\/\\\/international.nubank.com.br\\\/es\\\/#organization\",\"name\":\"Nu International\",\"url\":\"https:\\\/\\\/international.nubank.com.br\\\/es\\\/\",\"logo\":{\"@type\":\"ImageObject\",\"inLanguage\":\"es\",\"@id\":\"https:\\\/\\\/international.nubank.com.br\\\/es\\\/#\\\/schema\\\/logo\\\/image\\\/\",\"url\":\"https:\\\/\\\/international.nubank.com.br\\\/wp-content\\\/uploads\\\/2022\\\/08\\\/favicon.png\",\"contentUrl\":\"https:\\\/\\\/international.nubank.com.br\\\/wp-content\\\/uploads\\\/2022\\\/08\\\/favicon.png\",\"width\":512,\"height\":512,\"caption\":\"Nu International\"},\"image\":{\"@id\":\"https:\\\/\\\/international.nubank.com.br\\\/es\\\/#\\\/schema\\\/logo\\\/image\\\/\"}},{\"@type\":\"Person\",\"@id\":\"https:\\\/\\\/international.nubank.com.br\\\/es\\\/#\\\/schema\\\/person\\\/44d6a2d02d9905ee515a6d545217cd88\",\"name\":\"nuluizapollo\",\"image\":{\"@type\":\"ImageObject\",\"inLanguage\":\"es\",\"@id\":\"https:\\\/\\\/secure.gravatar.com\\\/avatar\\\/b1b108f8398da66e106b73733d76623a1f767363733ddf925bfbda4091ee8640?s=96&d=mm&r=g\",\"url\":\"https:\\\/\\\/secure.gravatar.com\\\/avatar\\\/b1b108f8398da66e106b73733d76623a1f767363733ddf925bfbda4091ee8640?s=96&d=mm&r=g\",\"contentUrl\":\"https:\\\/\\\/secure.gravatar.com\\\/avatar\\\/b1b108f8398da66e106b73733d76623a1f767363733ddf925bfbda4091ee8640?s=96&d=mm&r=g\",\"caption\":\"nuluizapollo\"},\"url\":\"https:\\\/\\\/international.nubank.com.br\\\/es\\\/author\\\/nuluizapollo\\\/\"}]}<\/script>\n<!-- \/ Yoast SEO plugin. -->","yoast_head_json":{"title":"Inclusi\u00f3n financiera y transformaci\u00f3n digital: El futuro de la banca en nuestra regi\u00f3n - Nu International","robots":{"index":"index","follow":"follow","max-snippet":"max-snippet:-1","max-image-preview":"max-image-preview:large","max-video-preview":"max-video-preview:-1"},"canonical":"https:\/\/international.nubank.com.br\/es\/compania\/inclusion-financiera-y-transformacion-digital-el-futuro-de-la-banca-en-nuestra-region\/","og_locale":"es_ES","og_type":"article","og_title":"Inclusi\u00f3n financiera y transformaci\u00f3n digital: El futuro de la banca en nuestra regi\u00f3n - Nu International","og_description":"Por: Marcela Torres, gerente general de Nu Colombia","og_url":"https:\/\/international.nubank.com.br\/es\/compania\/inclusion-financiera-y-transformacion-digital-el-futuro-de-la-banca-en-nuestra-region\/","og_site_name":"Nu International","article_published_time":"2023-12-07T14:20:00+00:00","article_modified_time":"2023-12-13T14:27:57+00:00","og_image":[{"width":2048,"height":1365,"url":"https:\/\/international.nubank.com.br\/wp-content\/uploads\/2023\/08\/Copy-of-NBK02875-1.jpg","type":"image\/jpeg"}],"author":"nuluizapollo","twitter_card":"summary_large_image","twitter_misc":{"Escrito por":"nuluizapollo"},"schema":{"@context":"https:\/\/schema.org","@graph":[{"@type":"NewsArticle","@id":"https:\/\/international.nubank.com.br\/es\/compania\/inclusion-financiera-y-transformacion-digital-el-futuro-de-la-banca-en-nuestra-region\/#article","isPartOf":{"@id":"https:\/\/international.nubank.com.br\/es\/compania\/inclusion-financiera-y-transformacion-digital-el-futuro-de-la-banca-en-nuestra-region\/"},"author":{"name":"nuluizapollo","@id":"https:\/\/international.nubank.com.br\/es\/#\/schema\/person\/44d6a2d02d9905ee515a6d545217cd88"},"headline":"Inclusi\u00f3n financiera y transformaci\u00f3n digital: El futuro de la banca en nuestra regi\u00f3n","datePublished":"2023-12-07T14:20:00+00:00","dateModified":"2023-12-13T14:27:57+00:00","mainEntityOfPage":{"@id":"https:\/\/international.nubank.com.br\/es\/compania\/inclusion-financiera-y-transformacion-digital-el-futuro-de-la-banca-en-nuestra-region\/"},"wordCount":526,"commentCount":0,"publisher":{"@id":"https:\/\/international.nubank.com.br\/es\/#organization"},"image":{"@id":"https:\/\/international.nubank.com.br\/es\/compania\/inclusion-financiera-y-transformacion-digital-el-futuro-de-la-banca-en-nuestra-region\/#primaryimage"},"thumbnailUrl":"https:\/\/international.nubank.com.br\/wp-content\/uploads\/2023\/08\/Copy-of-NBK02875-1.jpg","keywords":["Nu Colombia"],"articleSection":["Compa\u00f1\u00eda"],"inLanguage":"es","potentialAction":[{"@type":"CommentAction","name":"Comment","target":["https:\/\/international.nubank.com.br\/es\/compania\/inclusion-financiera-y-transformacion-digital-el-futuro-de-la-banca-en-nuestra-region\/#respond"]}]},{"@type":"WebPage","@id":"https:\/\/international.nubank.com.br\/es\/compania\/inclusion-financiera-y-transformacion-digital-el-futuro-de-la-banca-en-nuestra-region\/","url":"https:\/\/international.nubank.com.br\/es\/compania\/inclusion-financiera-y-transformacion-digital-el-futuro-de-la-banca-en-nuestra-region\/","name":"Inclusi\u00f3n financiera y transformaci\u00f3n digital: El futuro de la banca en nuestra regi\u00f3n - Nu International","isPartOf":{"@id":"https:\/\/international.nubank.com.br\/es\/#website"},"primaryImageOfPage":{"@id":"https:\/\/international.nubank.com.br\/es\/compania\/inclusion-financiera-y-transformacion-digital-el-futuro-de-la-banca-en-nuestra-region\/#primaryimage"},"image":{"@id":"https:\/\/international.nubank.com.br\/es\/compania\/inclusion-financiera-y-transformacion-digital-el-futuro-de-la-banca-en-nuestra-region\/#primaryimage"},"thumbnailUrl":"https:\/\/international.nubank.com.br\/wp-content\/uploads\/2023\/08\/Copy-of-NBK02875-1.jpg","datePublished":"2023-12-07T14:20:00+00:00","dateModified":"2023-12-13T14:27:57+00:00","breadcrumb":{"@id":"https:\/\/international.nubank.com.br\/es\/compania\/inclusion-financiera-y-transformacion-digital-el-futuro-de-la-banca-en-nuestra-region\/#breadcrumb"},"inLanguage":"es","potentialAction":[{"@type":"ReadAction","target":["https:\/\/international.nubank.com.br\/es\/compania\/inclusion-financiera-y-transformacion-digital-el-futuro-de-la-banca-en-nuestra-region\/"]}]},{"@type":"ImageObject","inLanguage":"es","@id":"https:\/\/international.nubank.com.br\/es\/compania\/inclusion-financiera-y-transformacion-digital-el-futuro-de-la-banca-en-nuestra-region\/#primaryimage","url":"https:\/\/international.nubank.com.br\/wp-content\/uploads\/2023\/08\/Copy-of-NBK02875-1.jpg","contentUrl":"https:\/\/international.nubank.com.br\/wp-content\/uploads\/2023\/08\/Copy-of-NBK02875-1.jpg","width":2048,"height":1365},{"@type":"BreadcrumbList","@id":"https:\/\/international.nubank.com.br\/es\/compania\/inclusion-financiera-y-transformacion-digital-el-futuro-de-la-banca-en-nuestra-region\/#breadcrumb","itemListElement":[{"@type":"ListItem","position":1,"name":"Home","item":"https:\/\/international.nubank.com.br\/es\/"},{"@type":"ListItem","position":2,"name":"Inclusi\u00f3n financiera y transformaci\u00f3n digital: El futuro de la banca en nuestra regi\u00f3n"}]},{"@type":"WebSite","@id":"https:\/\/international.nubank.com.br\/es\/#website","url":"https:\/\/international.nubank.com.br\/es\/","name":"Nu International","description":"","publisher":{"@id":"https:\/\/international.nubank.com.br\/es\/#organization"},"potentialAction":[{"@type":"SearchAction","target":{"@type":"EntryPoint","urlTemplate":"https:\/\/international.nubank.com.br\/es\/?s={search_term_string}"},"query-input":{"@type":"PropertyValueSpecification","valueRequired":true,"valueName":"search_term_string"}}],"inLanguage":"es"},{"@type":"Organization","@id":"https:\/\/international.nubank.com.br\/es\/#organization","name":"Nu International","url":"https:\/\/international.nubank.com.br\/es\/","logo":{"@type":"ImageObject","inLanguage":"es","@id":"https:\/\/international.nubank.com.br\/es\/#\/schema\/logo\/image\/","url":"https:\/\/international.nubank.com.br\/wp-content\/uploads\/2022\/08\/favicon.png","contentUrl":"https:\/\/international.nubank.com.br\/wp-content\/uploads\/2022\/08\/favicon.png","width":512,"height":512,"caption":"Nu International"},"image":{"@id":"https:\/\/international.nubank.com.br\/es\/#\/schema\/logo\/image\/"}},{"@type":"Person","@id":"https:\/\/international.nubank.com.br\/es\/#\/schema\/person\/44d6a2d02d9905ee515a6d545217cd88","name":"nuluizapollo","image":{"@type":"ImageObject","inLanguage":"es","@id":"https:\/\/secure.gravatar.com\/avatar\/b1b108f8398da66e106b73733d76623a1f767363733ddf925bfbda4091ee8640?s=96&d=mm&r=g","url":"https:\/\/secure.gravatar.com\/avatar\/b1b108f8398da66e106b73733d76623a1f767363733ddf925bfbda4091ee8640?s=96&d=mm&r=g","contentUrl":"https:\/\/secure.gravatar.com\/avatar\/b1b108f8398da66e106b73733d76623a1f767363733ddf925bfbda4091ee8640?s=96&d=mm&r=g","caption":"nuluizapollo"},"url":"https:\/\/international.nubank.com.br\/es\/author\/nuluizapollo\/"}]}},"jetpack_featured_media_url":"https:\/\/international.nubank.com.br\/wp-content\/uploads\/2023\/08\/Copy-of-NBK02875-1.jpg","jetpack_shortlink":"https:\/\/wp.me\/peaOGT-2Xj","_links":{"self":[{"href":"https:\/\/international.nubank.com.br\/es\/wp-json\/wp\/v2\/posts\/11365","targetHints":{"allow":["GET"]}}],"collection":[{"href":"https:\/\/international.nubank.com.br\/es\/wp-json\/wp\/v2\/posts"}],"about":[{"href":"https:\/\/international.nubank.com.br\/es\/wp-json\/wp\/v2\/types\/post"}],"author":[{"embeddable":true,"href":"https:\/\/international.nubank.com.br\/es\/wp-json\/wp\/v2\/users\/8"}],"replies":[{"embeddable":true,"href":"https:\/\/international.nubank.com.br\/es\/wp-json\/wp\/v2\/comments?post=11365"}],"version-history":[{"count":2,"href":"https:\/\/international.nubank.com.br\/es\/wp-json\/wp\/v2\/posts\/11365\/revisions"}],"predecessor-version":[{"id":11367,"href":"https:\/\/international.nubank.com.br\/es\/wp-json\/wp\/v2\/posts\/11365\/revisions\/11367"}],"wp:featuredmedia":[{"embeddable":true,"href":"https:\/\/international.nubank.com.br\/es\/wp-json\/wp\/v2\/media\/9855"}],"wp:attachment":[{"href":"https:\/\/international.nubank.com.br\/es\/wp-json\/wp\/v2\/media?parent=11365"}],"wp:term":[{"taxonomy":"category","embeddable":true,"href":"https:\/\/international.nubank.com.br\/es\/wp-json\/wp\/v2\/categories?post=11365"},{"taxonomy":"post_tag","embeddable":true,"href":"https:\/\/international.nubank.com.br\/es\/wp-json\/wp\/v2\/tags?post=11365"}],"curies":[{"name":"wp","href":"https:\/\/api.w.org\/{rel}","templated":true}]}}