{"id":14692,"date":"2024-06-13T14:45:14","date_gmt":"2024-06-13T17:45:14","guid":{"rendered":"https:\/\/international.nubank.com.br\/?p=14692"},"modified":"2024-06-15T12:21:26","modified_gmt":"2024-06-15T15:21:26","slug":"la-casa-del-dragon-se-apodera-de-brasil-con-un-imponente-dragon-syrax-de-15-metros-en-la-cima-del-iconico-edificio-morado-de-nubank-en-sao-paulo","status":"publish","type":"post","link":"https:\/\/international.nubank.com.br\/es\/clientes\/la-casa-del-dragon-se-apodera-de-brasil-con-un-imponente-dragon-syrax-de-15-metros-en-la-cima-del-iconico-edificio-morado-de-nubank-en-sao-paulo\/","title":{"rendered":"&#8216;La Casa Del Drag\u00f3n&#8217; se apodera de Brasil con un imponente drag\u00f3n Syrax de 15 metros, en la cima del ic\u00f3nico edificio morado de Nubank en S\u00e3o Paulo"},"content":{"rendered":"\n<p><strong>S\u00e3o Paulo, 13 de junio de 2024 \u2013<\/strong> En un llamativo encuentro entre la fantas\u00eda y la realidad, una colosal criatura de los cielos de Westeros ha descendido sobre las bulliciosas calles de S\u00e3o Paulo. Una gigantesca r\u00e9plica de 15 metros de Syrax, el drag\u00f3n de Rhaenyra, de la aclamada serie original de HBO LA CASA DEL DRAG\u00d3N, se pos\u00f3 en la cima del ic\u00f3nico edificio morado de Nubank en la Avenida Rebou\u00e7as de S\u00e3o Paulo. Este majestuoso ser se erige como el primero y \u00fanico de su tipo en Am\u00e9rica Latina. Esta acci\u00f3n es parte de la colaboraci\u00f3n entre Nubank y Max, la plataforma de streaming de Warner Bros. Discovery, que forma parte de las ventajas de Nubank+ y Ultravioleta, y celebra el estreno de la segunda temporada de la serie, que se lanzar\u00e1 el 16 de junio a las 10 p.m. BRT en Max y HBO.<\/p>\n\n\n<div class=\"wp-block-image\">\n<figure class=\"aligncenter size-large is-resized\"><img loading=\"lazy\" decoding=\"async\" width=\"1024\" height=\"731\" src=\"https:\/\/international.nubank.com.br\/wp-content\/uploads\/2024\/06\/IMG_6980-1024x731.jpg\" alt=\"Una gigantesca r\u00e9plica de 15 metros de Syrax, el drag\u00f3n de Rhaenyra, de la aclamada serie original de HBO LA CASA DEL DRAG\u00d3N, se pos\u00f3 en la cima del ic\u00f3nico edificio morado de Nubank en la Avenida Rebou\u00e7as de S\u00e3o Paulo.\" class=\"wp-image-14657\" style=\"width:678px;height:auto\" srcset=\"https:\/\/international.nubank.com.br\/wp-content\/uploads\/2024\/06\/IMG_6980-1024x731.jpg 1024w, https:\/\/international.nubank.com.br\/wp-content\/uploads\/2024\/06\/IMG_6980-300x214.jpg 300w, https:\/\/international.nubank.com.br\/wp-content\/uploads\/2024\/06\/IMG_6980-768x548.jpg 768w, https:\/\/international.nubank.com.br\/wp-content\/uploads\/2024\/06\/IMG_6980-1536x1096.jpg 1536w, https:\/\/international.nubank.com.br\/wp-content\/uploads\/2024\/06\/IMG_6980-2048x1461.jpg 2048w\" sizes=\"auto, (max-width: 1024px) 100vw, 1024px\" \/><\/figure>\n<\/div>\n\n\n<p>\u00abEstamos muy entusiasmados de traer la magia y la grandeza del universo JUEGO DE TRONOS y LA CASA DEL DRAG\u00d3N al coraz\u00f3n de S\u00e3o Paulo. Con esta activaci\u00f3n, reforzamos nuestra entrada como marca al <a href=\"https:\/\/international.nubank.com.br\/es\/clientes\/nubank-y-2a1-traen-game-of-thrones-house-of-the-dragon-experience-a-brasil\/\" target=\"_blank\" rel=\"noreferrer noopener\">territorio de la cultura pop<\/a>. Traer al drag\u00f3n a la cima de Nu no es solo una celebraci\u00f3n para los fans de la serie, sino tambi\u00e9n una demostraci\u00f3n de nuestra asociaci\u00f3n con Max. Juntos, estamos creando una experiencia integrada para nuestros clientes, ofreciendo entretenimiento de calidad para que disfruten de sus momentos de ocio a trav\u00e9s de Nubank+, que incluye 12 meses de suscripci\u00f3n a Max de forma gratuita en el plan b\u00e1sico con anuncios\u00bb, dice Juliana Roschel, Directora de Marketing de Nubank.<\/p>\n\n\n\n<p>Para Alessandra Pontes, Vicepresidenta de Distribuci\u00f3n y Asociaciones para Brasil en Warner Bros. Discovery (WBD), la instalaci\u00f3n del ic\u00f3nico drag\u00f3n que representa el universo de Westeros simboliza la fortaleza de esta asociaci\u00f3n. \u00abEs emblem\u00e1tico que traigamos a la sede de Nubank el s\u00edmbolo por excelencia de poder y fascinaci\u00f3n de las series JUEGO DE TRONOS y LA CASA DEL DRAG\u00d3N. Celebramos esta asociaci\u00f3n de una manera \u00fanica, incluyendo la oferta de una suscripci\u00f3n a Max para los clientes de Nubank+ y Ultravioleta, as\u00ed como experiencias que deleitar\u00e1n al p\u00fablico m\u00e1s all\u00e1 de las pantallas\u00bb.<\/p>\n\n\n\n<p>Esta iniciativa representa los conflictos y tensiones entre los Consejos Negro y Verde en la segunda temporada de LA CASA DEL DRAG\u00d3N. En esta din\u00e1mica, Nubank ha declarado su lealtad al Consejo Negro, representado por la imagen de Syrax, el drag\u00f3n de Rhaenyra. Bajo el concepto de la campa\u00f1a \u00abLevanta Tus Estandartes\u00bb para la segunda temporada de LA CASA DEL DRAG\u00d3N, ciudades de todo el mundo est\u00e1n eligiendo su lealtad en la batalla de los Consejos Verde contra Negro a trav\u00e9s de animaciones CGI. La invasi\u00f3n ya ha comenzado en Brasil, ya que S\u00e3o Paulo se ha comprometido con el Consejo Negro y el Consejo Verde ha tomado posesi\u00f3n del P\u00e3o de A\u00e7\u00facar en R\u00edo de Janeiro. La toma de posesi\u00f3n continuar\u00e1 en otros pa\u00edses, como M\u00e9xico, Argentina, Chile y Colombia. La impresionante exhibici\u00f3n del drag\u00f3n es resultado del ingenio del artista Fabio Alexandre, quien, con dedicada precisi\u00f3n y materiales como poliestireno de alta densidad, resina a base de agua, laminaci\u00f3n de fibra de vidrio, pinturas automotrices y resina de cristal con protecci\u00f3n UV, dio vida al drag\u00f3n despu\u00e9s de 20 d\u00edas de esfuerzo ferviente. Los fans pueden ver la pieza durante un mes, hasta el 12 de julio.<\/p>\n\n\n\n<h2 class=\"wp-block-heading\"><strong>Acerca de la Casa del Drag\u00f3n S2<\/strong><\/h2>\n\n\n\n<p>En la segunda temporada de LA CASA DEL DRAG\u00d3N, Westeros est\u00e1 al borde de una sangrienta guerra civil con los Consejos Negro y Verde luchando por el Rey Aegon y la Reina Rhaenyra, respectivamente. Mientras cada lado cree que el suyo es el asiento leg\u00edtimo en el Trono de Hierro, los avances de Negro y Verde reflejan esas dos perspectivas en mitades separadas pero complementarias de la misma historia. Para el p\u00fablico global, \u00abTodos Deben Elegir\u00bb su lado de la casa Targaryen mientras el reino se fractura en la segunda temporada.<\/p>\n\n\n\n<p>El reparto incluye a Matt Smith, Olivia Cooke, Emma D&#8217;Arcy, Eve Best, Steve Toussaint, Fabien Frankel, Ewan Mitchell, Tom Glynn-Carney, Sonoya Mizuno y Rhys Ifans. Tambi\u00e9n regresan esta temporada los actores Harry Collett, Bethany Antonia, Phoebe Campbell, Phia Saban, Jefferson Hall y Matthew Needham. El nuevo reparto de esta temporada incluye a Abubakar Salim como Alyn de Hull, Gayle Rankin como Alys Rivers, Freddie Fox como Ser Gwayne Hightower, Simon Russell Beale como Ser Simon Strong, Clinton Liberty como Addam de Hull, Jamie Kenna como Ser Alfred Broome, Kieran Bew como Hugh, Tom Bennett como Ulf, Tom Taylor como Lord Cregan Stark, y Vincent Regan como Ser Rickard Thorne.<\/p>\n\n\n\n<p>Basada en \u00abFuego y Sangre\u00bb, de George R.R. Martin, Martin es co-creador y productor ejecutivo junto con Ryan Condal, quien tambi\u00e9n es el showrunner de la serie. Los productores ejecutivos de esta nueva temporada son Sara Hess, Alan Taylor, Melissa Bernstein, Kevin de la Noy, Loni Peristere y Vince Gerardis.<\/p>\n\n\n\n<h2 class=\"wp-block-heading\"><strong>Sir Nunoryus: C\u00f3mo Nubank puede simplificar los servicios financieros, incluso en reinos medievales<\/strong><\/h2>\n\n\n<div class=\"wp-block-image\">\n<figure class=\"aligncenter size-large is-resized\"><img loading=\"lazy\" decoding=\"async\" width=\"1024\" height=\"576\" src=\"https:\/\/international.nubank.com.br\/wp-content\/uploads\/2024\/06\/Nubank_Nunoryus_Thumb12-1024x576.jpg\" alt=\"Nunoryus es el Maestro de Finanzas que resuelve problemas con soluciones que rompen con la burocracia y simplifican la econom\u00eda del reino, justo como Nubank hace la vida m\u00e1s f\u00e1cil para sus clientes.\" class=\"wp-image-14661\" style=\"width:706px;height:auto\" srcset=\"https:\/\/international.nubank.com.br\/wp-content\/uploads\/2024\/06\/Nubank_Nunoryus_Thumb12-1024x576.jpg 1024w, https:\/\/international.nubank.com.br\/wp-content\/uploads\/2024\/06\/Nubank_Nunoryus_Thumb12-300x169.jpg 300w, https:\/\/international.nubank.com.br\/wp-content\/uploads\/2024\/06\/Nubank_Nunoryus_Thumb12-768x432.jpg 768w, https:\/\/international.nubank.com.br\/wp-content\/uploads\/2024\/06\/Nubank_Nunoryus_Thumb12-1536x864.jpg 1536w, https:\/\/international.nubank.com.br\/wp-content\/uploads\/2024\/06\/Nubank_Nunoryus_Thumb12.jpg 1920w\" sizes=\"auto, (max-width: 1024px) 100vw, 1024px\" \/><\/figure>\n<\/div>\n\n\n<p>\u00bfY si hubiera un Nubank en un mundo de fantas\u00eda? Adem\u00e1s de la activaci\u00f3n del drag\u00f3n, Nubank presenta a Nunoryus, el Maestro de Finanzas que resuelve problemas con soluciones que rompen con la burocracia y simplifican la econom\u00eda del reino, justo como Nubank hace la vida m\u00e1s f\u00e1cil para sus clientes. A partir de este pr\u00f3ximo domingo, en dos episodios, en las cuentas oficiales de Nu, se mostrar\u00e1 c\u00f3mo Nunoryus gestiona la econom\u00eda del reino mientras los dragones y los se\u00f1ores libran sus batallas.<\/p>\n","protected":false},"excerpt":{"rendered":"<p>Esta iniciativa forma parte de la asociaci\u00f3n entre Nubank y Max y celebra el estreno de la segunda temporada de la serie dram\u00e1tica original de HBO este domingo 16 de junio<\/p>\n","protected":false},"author":13,"featured_media":14657,"comment_status":"open","ping_status":"closed","sticky":false,"template":"","format":"standard","meta":{"_acf_changed":false,"footnotes":""},"categories":[69],"tags":[588,514],"class_list":["post-14692","post","type-post","status-publish","format-standard","has-post-thumbnail","hentry","category-clientes","tag-marketing-es","tag-nu-brasil"],"acf":[],"yoast_head":"<!-- This site is optimized with the Yoast SEO plugin v27.5 - https:\/\/yoast.com\/product\/yoast-seo-wordpress\/ -->\n<title>La &#039;Casa Del Drag\u00f3n&#039; se apodera de Brasil<\/title>\n<meta name=\"description\" content=\"Esta iniciativa forma parte de la asociaci\u00f3n entre Nu y Max y celebra el estreno de la segunda temporada de la serie.\" \/>\n<meta name=\"robots\" content=\"index, follow, max-snippet:-1, max-image-preview:large, max-video-preview:-1\" \/>\n<link rel=\"canonical\" href=\"https:\/\/international.nubank.com.br\/es\/clientes\/la-casa-del-dragon-se-apodera-de-brasil-con-un-imponente-dragon-syrax-de-15-metros-en-la-cima-del-iconico-edificio-morado-de-nubank-en-sao-paulo\/\" \/>\n<meta property=\"og:locale\" content=\"es_ES\" \/>\n<meta property=\"og:type\" content=\"article\" \/>\n<meta property=\"og:title\" content=\"La &#039;Casa Del Drag\u00f3n&#039; se apodera de Brasil\" \/>\n<meta property=\"og:description\" content=\"Esta iniciativa forma parte de la asociaci\u00f3n entre Nu y Max y celebra el estreno de la segunda temporada de la serie.\" \/>\n<meta property=\"og:url\" content=\"https:\/\/international.nubank.com.br\/es\/clientes\/la-casa-del-dragon-se-apodera-de-brasil-con-un-imponente-dragon-syrax-de-15-metros-en-la-cima-del-iconico-edificio-morado-de-nubank-en-sao-paulo\/\" \/>\n<meta property=\"og:site_name\" content=\"Nu International\" \/>\n<meta property=\"article:published_time\" content=\"2024-06-13T17:45:14+00:00\" \/>\n<meta property=\"article:modified_time\" content=\"2024-06-15T15:21:26+00:00\" \/>\n<meta property=\"og:image\" content=\"https:\/\/international.nubank.com.br\/wp-content\/uploads\/2024\/06\/IMG_6980.jpg\" \/>\n\t<meta property=\"og:image:width\" content=\"4664\" \/>\n\t<meta property=\"og:image:height\" content=\"3328\" \/>\n\t<meta property=\"og:image:type\" content=\"image\/jpeg\" \/>\n<meta name=\"author\" content=\"nuchaianraiad\" \/>\n<meta name=\"twitter:card\" content=\"summary_large_image\" \/>\n<meta name=\"twitter:label1\" content=\"Escrito por\" \/>\n\t<meta name=\"twitter:data1\" content=\"nuchaianraiad\" \/>\n\t<meta name=\"twitter:label2\" content=\"Tiempo de lectura\" \/>\n\t<meta name=\"twitter:data2\" content=\"5 minutos\" \/>\n<script type=\"application\/ld+json\" class=\"yoast-schema-graph\">{\"@context\":\"https:\\\/\\\/schema.org\",\"@graph\":[{\"@type\":\"NewsArticle\",\"@id\":\"https:\\\/\\\/international.nubank.com.br\\\/es\\\/clientes\\\/la-casa-del-dragon-se-apodera-de-brasil-con-un-imponente-dragon-syrax-de-15-metros-en-la-cima-del-iconico-edificio-morado-de-nubank-en-sao-paulo\\\/#article\",\"isPartOf\":{\"@id\":\"https:\\\/\\\/international.nubank.com.br\\\/es\\\/clientes\\\/la-casa-del-dragon-se-apodera-de-brasil-con-un-imponente-dragon-syrax-de-15-metros-en-la-cima-del-iconico-edificio-morado-de-nubank-en-sao-paulo\\\/\"},\"author\":{\"name\":\"nuchaianraiad\",\"@id\":\"https:\\\/\\\/international.nubank.com.br\\\/es\\\/#\\\/schema\\\/person\\\/14905a8fc84dcd563c423f91624fc8af\"},\"headline\":\"&#8216;La Casa Del Drag\u00f3n&#8217; se apodera de Brasil con un imponente drag\u00f3n Syrax de 15 metros, en la cima del ic\u00f3nico edificio morado de Nubank en S\u00e3o Paulo\",\"datePublished\":\"2024-06-13T17:45:14+00:00\",\"dateModified\":\"2024-06-15T15:21:26+00:00\",\"mainEntityOfPage\":{\"@id\":\"https:\\\/\\\/international.nubank.com.br\\\/es\\\/clientes\\\/la-casa-del-dragon-se-apodera-de-brasil-con-un-imponente-dragon-syrax-de-15-metros-en-la-cima-del-iconico-edificio-morado-de-nubank-en-sao-paulo\\\/\"},\"wordCount\":1017,\"commentCount\":0,\"publisher\":{\"@id\":\"https:\\\/\\\/international.nubank.com.br\\\/es\\\/#organization\"},\"image\":{\"@id\":\"https:\\\/\\\/international.nubank.com.br\\\/es\\\/clientes\\\/la-casa-del-dragon-se-apodera-de-brasil-con-un-imponente-dragon-syrax-de-15-metros-en-la-cima-del-iconico-edificio-morado-de-nubank-en-sao-paulo\\\/#primaryimage\"},\"thumbnailUrl\":\"https:\\\/\\\/international.nubank.com.br\\\/wp-content\\\/uploads\\\/2024\\\/06\\\/IMG_6980.jpg\",\"keywords\":[\"Marketing\",\"Nubank Brasil\"],\"articleSection\":[\"Clientes\"],\"inLanguage\":\"es\",\"potentialAction\":[{\"@type\":\"CommentAction\",\"name\":\"Comment\",\"target\":[\"https:\\\/\\\/international.nubank.com.br\\\/es\\\/clientes\\\/la-casa-del-dragon-se-apodera-de-brasil-con-un-imponente-dragon-syrax-de-15-metros-en-la-cima-del-iconico-edificio-morado-de-nubank-en-sao-paulo\\\/#respond\"]}]},{\"@type\":\"WebPage\",\"@id\":\"https:\\\/\\\/international.nubank.com.br\\\/es\\\/clientes\\\/la-casa-del-dragon-se-apodera-de-brasil-con-un-imponente-dragon-syrax-de-15-metros-en-la-cima-del-iconico-edificio-morado-de-nubank-en-sao-paulo\\\/\",\"url\":\"https:\\\/\\\/international.nubank.com.br\\\/es\\\/clientes\\\/la-casa-del-dragon-se-apodera-de-brasil-con-un-imponente-dragon-syrax-de-15-metros-en-la-cima-del-iconico-edificio-morado-de-nubank-en-sao-paulo\\\/\",\"name\":\"La 'Casa Del Drag\u00f3n' se apodera de Brasil\",\"isPartOf\":{\"@id\":\"https:\\\/\\\/international.nubank.com.br\\\/es\\\/#website\"},\"primaryImageOfPage\":{\"@id\":\"https:\\\/\\\/international.nubank.com.br\\\/es\\\/clientes\\\/la-casa-del-dragon-se-apodera-de-brasil-con-un-imponente-dragon-syrax-de-15-metros-en-la-cima-del-iconico-edificio-morado-de-nubank-en-sao-paulo\\\/#primaryimage\"},\"image\":{\"@id\":\"https:\\\/\\\/international.nubank.com.br\\\/es\\\/clientes\\\/la-casa-del-dragon-se-apodera-de-brasil-con-un-imponente-dragon-syrax-de-15-metros-en-la-cima-del-iconico-edificio-morado-de-nubank-en-sao-paulo\\\/#primaryimage\"},\"thumbnailUrl\":\"https:\\\/\\\/international.nubank.com.br\\\/wp-content\\\/uploads\\\/2024\\\/06\\\/IMG_6980.jpg\",\"datePublished\":\"2024-06-13T17:45:14+00:00\",\"dateModified\":\"2024-06-15T15:21:26+00:00\",\"description\":\"Esta iniciativa forma parte de la asociaci\u00f3n entre Nu y Max y celebra el estreno de la segunda temporada de la serie.\",\"breadcrumb\":{\"@id\":\"https:\\\/\\\/international.nubank.com.br\\\/es\\\/clientes\\\/la-casa-del-dragon-se-apodera-de-brasil-con-un-imponente-dragon-syrax-de-15-metros-en-la-cima-del-iconico-edificio-morado-de-nubank-en-sao-paulo\\\/#breadcrumb\"},\"inLanguage\":\"es\",\"potentialAction\":[{\"@type\":\"ReadAction\",\"target\":[\"https:\\\/\\\/international.nubank.com.br\\\/es\\\/clientes\\\/la-casa-del-dragon-se-apodera-de-brasil-con-un-imponente-dragon-syrax-de-15-metros-en-la-cima-del-iconico-edificio-morado-de-nubank-en-sao-paulo\\\/\"]}]},{\"@type\":\"ImageObject\",\"inLanguage\":\"es\",\"@id\":\"https:\\\/\\\/international.nubank.com.br\\\/es\\\/clientes\\\/la-casa-del-dragon-se-apodera-de-brasil-con-un-imponente-dragon-syrax-de-15-metros-en-la-cima-del-iconico-edificio-morado-de-nubank-en-sao-paulo\\\/#primaryimage\",\"url\":\"https:\\\/\\\/international.nubank.com.br\\\/wp-content\\\/uploads\\\/2024\\\/06\\\/IMG_6980.jpg\",\"contentUrl\":\"https:\\\/\\\/international.nubank.com.br\\\/wp-content\\\/uploads\\\/2024\\\/06\\\/IMG_6980.jpg\",\"width\":4664,\"height\":3328},{\"@type\":\"BreadcrumbList\",\"@id\":\"https:\\\/\\\/international.nubank.com.br\\\/es\\\/clientes\\\/la-casa-del-dragon-se-apodera-de-brasil-con-un-imponente-dragon-syrax-de-15-metros-en-la-cima-del-iconico-edificio-morado-de-nubank-en-sao-paulo\\\/#breadcrumb\",\"itemListElement\":[{\"@type\":\"ListItem\",\"position\":1,\"name\":\"Home\",\"item\":\"https:\\\/\\\/international.nubank.com.br\\\/es\\\/\"},{\"@type\":\"ListItem\",\"position\":2,\"name\":\"&#8216;La Casa Del Drag\u00f3n&#8217; se apodera de Brasil con un imponente drag\u00f3n Syrax de 15 metros, en la cima del ic\u00f3nico edificio morado de Nubank en S\u00e3o Paulo\"}]},{\"@type\":\"WebSite\",\"@id\":\"https:\\\/\\\/international.nubank.com.br\\\/es\\\/#website\",\"url\":\"https:\\\/\\\/international.nubank.com.br\\\/es\\\/\",\"name\":\"Nu International\",\"description\":\"\",\"publisher\":{\"@id\":\"https:\\\/\\\/international.nubank.com.br\\\/es\\\/#organization\"},\"potentialAction\":[{\"@type\":\"SearchAction\",\"target\":{\"@type\":\"EntryPoint\",\"urlTemplate\":\"https:\\\/\\\/international.nubank.com.br\\\/es\\\/?s={search_term_string}\"},\"query-input\":{\"@type\":\"PropertyValueSpecification\",\"valueRequired\":true,\"valueName\":\"search_term_string\"}}],\"inLanguage\":\"es\"},{\"@type\":\"Organization\",\"@id\":\"https:\\\/\\\/international.nubank.com.br\\\/es\\\/#organization\",\"name\":\"Nu International\",\"url\":\"https:\\\/\\\/international.nubank.com.br\\\/es\\\/\",\"logo\":{\"@type\":\"ImageObject\",\"inLanguage\":\"es\",\"@id\":\"https:\\\/\\\/international.nubank.com.br\\\/es\\\/#\\\/schema\\\/logo\\\/image\\\/\",\"url\":\"https:\\\/\\\/international.nubank.com.br\\\/wp-content\\\/uploads\\\/2022\\\/08\\\/favicon.png\",\"contentUrl\":\"https:\\\/\\\/international.nubank.com.br\\\/wp-content\\\/uploads\\\/2022\\\/08\\\/favicon.png\",\"width\":512,\"height\":512,\"caption\":\"Nu International\"},\"image\":{\"@id\":\"https:\\\/\\\/international.nubank.com.br\\\/es\\\/#\\\/schema\\\/logo\\\/image\\\/\"}},{\"@type\":\"Person\",\"@id\":\"https:\\\/\\\/international.nubank.com.br\\\/es\\\/#\\\/schema\\\/person\\\/14905a8fc84dcd563c423f91624fc8af\",\"name\":\"nuchaianraiad\",\"image\":{\"@type\":\"ImageObject\",\"inLanguage\":\"es\",\"@id\":\"https:\\\/\\\/secure.gravatar.com\\\/avatar\\\/255751afabe73c3cc52646bbd37df8dc2925a3155ec69293f873554d4ca70c9b?s=96&d=mm&r=g\",\"url\":\"https:\\\/\\\/secure.gravatar.com\\\/avatar\\\/255751afabe73c3cc52646bbd37df8dc2925a3155ec69293f873554d4ca70c9b?s=96&d=mm&r=g\",\"contentUrl\":\"https:\\\/\\\/secure.gravatar.com\\\/avatar\\\/255751afabe73c3cc52646bbd37df8dc2925a3155ec69293f873554d4ca70c9b?s=96&d=mm&r=g\",\"caption\":\"nuchaianraiad\"},\"url\":\"https:\\\/\\\/international.nubank.com.br\\\/es\\\/author\\\/nuchaianraiad\\\/\"}]}<\/script>\n<!-- \/ Yoast SEO plugin. -->","yoast_head_json":{"title":"La 'Casa Del Drag\u00f3n' se apodera de Brasil","description":"Esta iniciativa forma parte de la asociaci\u00f3n entre Nu y Max y celebra el estreno de la segunda temporada de la serie.","robots":{"index":"index","follow":"follow","max-snippet":"max-snippet:-1","max-image-preview":"max-image-preview:large","max-video-preview":"max-video-preview:-1"},"canonical":"https:\/\/international.nubank.com.br\/es\/clientes\/la-casa-del-dragon-se-apodera-de-brasil-con-un-imponente-dragon-syrax-de-15-metros-en-la-cima-del-iconico-edificio-morado-de-nubank-en-sao-paulo\/","og_locale":"es_ES","og_type":"article","og_title":"La 'Casa Del Drag\u00f3n' se apodera de Brasil","og_description":"Esta iniciativa forma parte de la asociaci\u00f3n entre Nu y Max y celebra el estreno de la segunda temporada de la serie.","og_url":"https:\/\/international.nubank.com.br\/es\/clientes\/la-casa-del-dragon-se-apodera-de-brasil-con-un-imponente-dragon-syrax-de-15-metros-en-la-cima-del-iconico-edificio-morado-de-nubank-en-sao-paulo\/","og_site_name":"Nu International","article_published_time":"2024-06-13T17:45:14+00:00","article_modified_time":"2024-06-15T15:21:26+00:00","og_image":[{"width":4664,"height":3328,"url":"https:\/\/international.nubank.com.br\/wp-content\/uploads\/2024\/06\/IMG_6980.jpg","type":"image\/jpeg"}],"author":"nuchaianraiad","twitter_card":"summary_large_image","twitter_misc":{"Escrito por":"nuchaianraiad","Tiempo de lectura":"5 minutos"},"schema":{"@context":"https:\/\/schema.org","@graph":[{"@type":"NewsArticle","@id":"https:\/\/international.nubank.com.br\/es\/clientes\/la-casa-del-dragon-se-apodera-de-brasil-con-un-imponente-dragon-syrax-de-15-metros-en-la-cima-del-iconico-edificio-morado-de-nubank-en-sao-paulo\/#article","isPartOf":{"@id":"https:\/\/international.nubank.com.br\/es\/clientes\/la-casa-del-dragon-se-apodera-de-brasil-con-un-imponente-dragon-syrax-de-15-metros-en-la-cima-del-iconico-edificio-morado-de-nubank-en-sao-paulo\/"},"author":{"name":"nuchaianraiad","@id":"https:\/\/international.nubank.com.br\/es\/#\/schema\/person\/14905a8fc84dcd563c423f91624fc8af"},"headline":"&#8216;La Casa Del Drag\u00f3n&#8217; se apodera de Brasil con un imponente drag\u00f3n Syrax de 15 metros, en la cima del ic\u00f3nico edificio morado de Nubank en S\u00e3o Paulo","datePublished":"2024-06-13T17:45:14+00:00","dateModified":"2024-06-15T15:21:26+00:00","mainEntityOfPage":{"@id":"https:\/\/international.nubank.com.br\/es\/clientes\/la-casa-del-dragon-se-apodera-de-brasil-con-un-imponente-dragon-syrax-de-15-metros-en-la-cima-del-iconico-edificio-morado-de-nubank-en-sao-paulo\/"},"wordCount":1017,"commentCount":0,"publisher":{"@id":"https:\/\/international.nubank.com.br\/es\/#organization"},"image":{"@id":"https:\/\/international.nubank.com.br\/es\/clientes\/la-casa-del-dragon-se-apodera-de-brasil-con-un-imponente-dragon-syrax-de-15-metros-en-la-cima-del-iconico-edificio-morado-de-nubank-en-sao-paulo\/#primaryimage"},"thumbnailUrl":"https:\/\/international.nubank.com.br\/wp-content\/uploads\/2024\/06\/IMG_6980.jpg","keywords":["Marketing","Nubank Brasil"],"articleSection":["Clientes"],"inLanguage":"es","potentialAction":[{"@type":"CommentAction","name":"Comment","target":["https:\/\/international.nubank.com.br\/es\/clientes\/la-casa-del-dragon-se-apodera-de-brasil-con-un-imponente-dragon-syrax-de-15-metros-en-la-cima-del-iconico-edificio-morado-de-nubank-en-sao-paulo\/#respond"]}]},{"@type":"WebPage","@id":"https:\/\/international.nubank.com.br\/es\/clientes\/la-casa-del-dragon-se-apodera-de-brasil-con-un-imponente-dragon-syrax-de-15-metros-en-la-cima-del-iconico-edificio-morado-de-nubank-en-sao-paulo\/","url":"https:\/\/international.nubank.com.br\/es\/clientes\/la-casa-del-dragon-se-apodera-de-brasil-con-un-imponente-dragon-syrax-de-15-metros-en-la-cima-del-iconico-edificio-morado-de-nubank-en-sao-paulo\/","name":"La 'Casa Del Drag\u00f3n' se apodera de Brasil","isPartOf":{"@id":"https:\/\/international.nubank.com.br\/es\/#website"},"primaryImageOfPage":{"@id":"https:\/\/international.nubank.com.br\/es\/clientes\/la-casa-del-dragon-se-apodera-de-brasil-con-un-imponente-dragon-syrax-de-15-metros-en-la-cima-del-iconico-edificio-morado-de-nubank-en-sao-paulo\/#primaryimage"},"image":{"@id":"https:\/\/international.nubank.com.br\/es\/clientes\/la-casa-del-dragon-se-apodera-de-brasil-con-un-imponente-dragon-syrax-de-15-metros-en-la-cima-del-iconico-edificio-morado-de-nubank-en-sao-paulo\/#primaryimage"},"thumbnailUrl":"https:\/\/international.nubank.com.br\/wp-content\/uploads\/2024\/06\/IMG_6980.jpg","datePublished":"2024-06-13T17:45:14+00:00","dateModified":"2024-06-15T15:21:26+00:00","description":"Esta iniciativa forma parte de la asociaci\u00f3n entre Nu y Max y celebra el estreno de la segunda temporada de la serie.","breadcrumb":{"@id":"https:\/\/international.nubank.com.br\/es\/clientes\/la-casa-del-dragon-se-apodera-de-brasil-con-un-imponente-dragon-syrax-de-15-metros-en-la-cima-del-iconico-edificio-morado-de-nubank-en-sao-paulo\/#breadcrumb"},"inLanguage":"es","potentialAction":[{"@type":"ReadAction","target":["https:\/\/international.nubank.com.br\/es\/clientes\/la-casa-del-dragon-se-apodera-de-brasil-con-un-imponente-dragon-syrax-de-15-metros-en-la-cima-del-iconico-edificio-morado-de-nubank-en-sao-paulo\/"]}]},{"@type":"ImageObject","inLanguage":"es","@id":"https:\/\/international.nubank.com.br\/es\/clientes\/la-casa-del-dragon-se-apodera-de-brasil-con-un-imponente-dragon-syrax-de-15-metros-en-la-cima-del-iconico-edificio-morado-de-nubank-en-sao-paulo\/#primaryimage","url":"https:\/\/international.nubank.com.br\/wp-content\/uploads\/2024\/06\/IMG_6980.jpg","contentUrl":"https:\/\/international.nubank.com.br\/wp-content\/uploads\/2024\/06\/IMG_6980.jpg","width":4664,"height":3328},{"@type":"BreadcrumbList","@id":"https:\/\/international.nubank.com.br\/es\/clientes\/la-casa-del-dragon-se-apodera-de-brasil-con-un-imponente-dragon-syrax-de-15-metros-en-la-cima-del-iconico-edificio-morado-de-nubank-en-sao-paulo\/#breadcrumb","itemListElement":[{"@type":"ListItem","position":1,"name":"Home","item":"https:\/\/international.nubank.com.br\/es\/"},{"@type":"ListItem","position":2,"name":"&#8216;La Casa Del Drag\u00f3n&#8217; se apodera de Brasil con un imponente drag\u00f3n Syrax de 15 metros, en la cima del ic\u00f3nico edificio morado de Nubank en S\u00e3o Paulo"}]},{"@type":"WebSite","@id":"https:\/\/international.nubank.com.br\/es\/#website","url":"https:\/\/international.nubank.com.br\/es\/","name":"Nu International","description":"","publisher":{"@id":"https:\/\/international.nubank.com.br\/es\/#organization"},"potentialAction":[{"@type":"SearchAction","target":{"@type":"EntryPoint","urlTemplate":"https:\/\/international.nubank.com.br\/es\/?s={search_term_string}"},"query-input":{"@type":"PropertyValueSpecification","valueRequired":true,"valueName":"search_term_string"}}],"inLanguage":"es"},{"@type":"Organization","@id":"https:\/\/international.nubank.com.br\/es\/#organization","name":"Nu International","url":"https:\/\/international.nubank.com.br\/es\/","logo":{"@type":"ImageObject","inLanguage":"es","@id":"https:\/\/international.nubank.com.br\/es\/#\/schema\/logo\/image\/","url":"https:\/\/international.nubank.com.br\/wp-content\/uploads\/2022\/08\/favicon.png","contentUrl":"https:\/\/international.nubank.com.br\/wp-content\/uploads\/2022\/08\/favicon.png","width":512,"height":512,"caption":"Nu International"},"image":{"@id":"https:\/\/international.nubank.com.br\/es\/#\/schema\/logo\/image\/"}},{"@type":"Person","@id":"https:\/\/international.nubank.com.br\/es\/#\/schema\/person\/14905a8fc84dcd563c423f91624fc8af","name":"nuchaianraiad","image":{"@type":"ImageObject","inLanguage":"es","@id":"https:\/\/secure.gravatar.com\/avatar\/255751afabe73c3cc52646bbd37df8dc2925a3155ec69293f873554d4ca70c9b?s=96&d=mm&r=g","url":"https:\/\/secure.gravatar.com\/avatar\/255751afabe73c3cc52646bbd37df8dc2925a3155ec69293f873554d4ca70c9b?s=96&d=mm&r=g","contentUrl":"https:\/\/secure.gravatar.com\/avatar\/255751afabe73c3cc52646bbd37df8dc2925a3155ec69293f873554d4ca70c9b?s=96&d=mm&r=g","caption":"nuchaianraiad"},"url":"https:\/\/international.nubank.com.br\/es\/author\/nuchaianraiad\/"}]}},"jetpack_featured_media_url":"https:\/\/international.nubank.com.br\/wp-content\/uploads\/2024\/06\/IMG_6980.jpg","jetpack_shortlink":"https:\/\/wp.me\/peaOGT-3OY","_links":{"self":[{"href":"https:\/\/international.nubank.com.br\/es\/wp-json\/wp\/v2\/posts\/14692","targetHints":{"allow":["GET"]}}],"collection":[{"href":"https:\/\/international.nubank.com.br\/es\/wp-json\/wp\/v2\/posts"}],"about":[{"href":"https:\/\/international.nubank.com.br\/es\/wp-json\/wp\/v2\/types\/post"}],"author":[{"embeddable":true,"href":"https:\/\/international.nubank.com.br\/es\/wp-json\/wp\/v2\/users\/13"}],"replies":[{"embeddable":true,"href":"https:\/\/international.nubank.com.br\/es\/wp-json\/wp\/v2\/comments?post=14692"}],"version-history":[{"count":5,"href":"https:\/\/international.nubank.com.br\/es\/wp-json\/wp\/v2\/posts\/14692\/revisions"}],"predecessor-version":[{"id":14701,"href":"https:\/\/international.nubank.com.br\/es\/wp-json\/wp\/v2\/posts\/14692\/revisions\/14701"}],"wp:featuredmedia":[{"embeddable":true,"href":"https:\/\/international.nubank.com.br\/es\/wp-json\/wp\/v2\/media\/14657"}],"wp:attachment":[{"href":"https:\/\/international.nubank.com.br\/es\/wp-json\/wp\/v2\/media?parent=14692"}],"wp:term":[{"taxonomy":"category","embeddable":true,"href":"https:\/\/international.nubank.com.br\/es\/wp-json\/wp\/v2\/categories?post=14692"},{"taxonomy":"post_tag","embeddable":true,"href":"https:\/\/international.nubank.com.br\/es\/wp-json\/wp\/v2\/tags?post=14692"}],"curies":[{"name":"wp","href":"https:\/\/api.w.org\/{rel}","templated":true}]}}