{"id":22446,"date":"2025-11-24T15:01:57","date_gmt":"2025-11-24T18:01:57","guid":{"rendered":"https:\/\/international.nubank.com.br\/?p=22446"},"modified":"2025-11-24T15:01:59","modified_gmt":"2025-11-24T18:01:59","slug":"piecito-la-campana-original-de-nu-se-lleva-el-bronce-en-el-el-ojo-de-iberoamerica-2025","status":"publish","type":"post","link":"https:\/\/international.nubank.com.br\/es\/compania\/piecito-la-campana-original-de-nu-se-lleva-el-bronce-en-el-el-ojo-de-iberoamerica-2025\/","title":{"rendered":"\u201cPiecito\u201d, la campa\u00f1a original de Nu, se lleva el bronce en el El Ojo de Iberoam\u00e9rica 2025"},"content":{"rendered":"\n<p>Ciudad de M\u00e9xico a 24 de noviembre de 2025. &#8211; En su primera participaci\u00f3n en El Ojo de Iberoam\u00e9rica, Nu M\u00e9xico fue reconocido con un <strong>premio Bronce<\/strong> en la categor\u00eda <strong>El Ojo Producci\u00f3n Audiovisual <\/strong>dentro de la XXVIII edici\u00f3n del festival. El premio le fue otorgado por la campa\u00f1a \u201cPiecito\u201d, un personaje nuevo y original creado por la instituci\u00f3n financiera en colaboraci\u00f3n con Netflix e inspirado en la serie Merlina.\u00a0<\/p>\n\n\n\n<p>La campa\u00f1a presenta la historia de Piecito, un fan de Dedos que, con la ayuda de Nu, toma el control de sus finanzas y cumple su sue\u00f1o de convertirse en influencer financiero. El cortometraje, que fue el coraz\u00f3n de una estrategia creativa, fue desarrollado y producido por el equipo interno de Nu, el Creative Hub, marcando la primera colaboraci\u00f3n entre los equipos de Brasil y M\u00e9xico.<\/p>\n\n\n\n<p>En esta edici\u00f3n, Nu compiti\u00f3 en la categor\u00eda El Ojo Producci\u00f3n Audiovisual con marcas como Grupo Modelo, The Walt Disney Company, Volkswagen, Pepsi y Mitsubishi, entre otras. Sin embargo, la instituci\u00f3n financiera logr\u00f3 sobresalir llev\u00e1ndose el bronce y consolidando la fuerza creativa de su campa\u00f1a en uno de los festivales m\u00e1s prestigiosos a nivel internacional, celebrado en Buenos Aires, Argentina.<\/p>\n\n\n\n<p>El Ojo de Iberoam\u00e9rica es el festival l\u00edder de creatividad y comunicaci\u00f3n en habla hispana y portuguesa, reconocido por reunir a los referentes de la industria y premiar las ideas m\u00e1s sobresalientes. La categor\u00eda de Producci\u00f3n Audiovisual premia la excelencia t\u00e9cnica y art\u00edstica que dieron forma a las piezas m\u00e1s destacadas de la regi\u00f3n.<\/p>\n\n\n\n<p><br><br><\/p>\n","protected":false},"excerpt":{"rendered":"<p>El coraz\u00f3n de la campa\u00f1a fue un cortometraje que narra la historia de Piecito, un fan de Dedos inspirado en Merlina, que se convierte en influencer financiero con ayuda de Nu.<\/p>\n","protected":false},"author":60,"featured_media":14890,"comment_status":"open","ping_status":"closed","sticky":false,"template":"","format":"standard","meta":{"_acf_changed":false,"footnotes":""},"categories":[68],"tags":[622],"class_list":["post-22446","post","type-post","status-publish","format-standard","has-post-thumbnail","hentry","category-compania","tag-nu-mexico-es"],"acf":[],"yoast_head":"<!-- This site is optimized with the Yoast SEO plugin v27.5 - https:\/\/yoast.com\/product\/yoast-seo-wordpress\/ -->\n<title>\u201cPiecito\u201d, la campa\u00f1a original de Nu, se lleva el bronce en el El Ojo de Iberoam\u00e9rica 2025 - Nu International<\/title>\n<meta name=\"robots\" content=\"index, follow, max-snippet:-1, max-image-preview:large, max-video-preview:-1\" \/>\n<link rel=\"canonical\" href=\"https:\/\/international.nubank.com.br\/es\/compania\/piecito-la-campana-original-de-nu-se-lleva-el-bronce-en-el-el-ojo-de-iberoamerica-2025\/\" \/>\n<meta property=\"og:locale\" content=\"es_ES\" \/>\n<meta property=\"og:type\" content=\"article\" \/>\n<meta property=\"og:title\" content=\"\u201cPiecito\u201d, la campa\u00f1a original de Nu, se lleva el bronce en el El Ojo de Iberoam\u00e9rica 2025 - Nu International\" \/>\n<meta property=\"og:description\" content=\"El coraz\u00f3n de la campa\u00f1a fue un cortometraje que narra la historia de Piecito, un fan de Dedos inspirado en Merlina, que se convierte en influencer financiero con ayuda de Nu.\" \/>\n<meta property=\"og:url\" content=\"https:\/\/international.nubank.com.br\/es\/compania\/piecito-la-campana-original-de-nu-se-lleva-el-bronce-en-el-el-ojo-de-iberoamerica-2025\/\" \/>\n<meta property=\"og:site_name\" content=\"Nu International\" \/>\n<meta property=\"article:published_time\" content=\"2025-11-24T18:01:57+00:00\" \/>\n<meta property=\"article:modified_time\" content=\"2025-11-24T18:01:59+00:00\" \/>\n<meta property=\"og:image\" content=\"https:\/\/international.nubank.com.br\/wp-content\/uploads\/2024\/07\/IMG_3481.jpg\" \/>\n\t<meta property=\"og:image:width\" content=\"4032\" \/>\n\t<meta property=\"og:image:height\" content=\"3024\" \/>\n\t<meta property=\"og:image:type\" content=\"image\/jpeg\" \/>\n<meta name=\"author\" content=\"adriana.botello\" \/>\n<meta name=\"twitter:card\" content=\"summary_large_image\" \/>\n<meta name=\"twitter:label1\" content=\"Escrito por\" \/>\n\t<meta name=\"twitter:data1\" content=\"adriana.botello\" \/>\n\t<meta name=\"twitter:label2\" content=\"Tiempo de lectura\" \/>\n\t<meta name=\"twitter:data2\" content=\"2 minutos\" \/>\n<script type=\"application\/ld+json\" class=\"yoast-schema-graph\">{\"@context\":\"https:\\\/\\\/schema.org\",\"@graph\":[{\"@type\":\"NewsArticle\",\"@id\":\"https:\\\/\\\/international.nubank.com.br\\\/es\\\/compania\\\/piecito-la-campana-original-de-nu-se-lleva-el-bronce-en-el-el-ojo-de-iberoamerica-2025\\\/#article\",\"isPartOf\":{\"@id\":\"https:\\\/\\\/international.nubank.com.br\\\/es\\\/compania\\\/piecito-la-campana-original-de-nu-se-lleva-el-bronce-en-el-el-ojo-de-iberoamerica-2025\\\/\"},\"author\":{\"name\":\"adriana.botello\",\"@id\":\"https:\\\/\\\/international.nubank.com.br\\\/es\\\/#\\\/schema\\\/person\\\/1010fa4cef4e0a06e8bd1970f3e429b2\"},\"headline\":\"\u201cPiecito\u201d, la campa\u00f1a original de Nu, se lleva el bronce en el El Ojo de Iberoam\u00e9rica 2025\",\"datePublished\":\"2025-11-24T18:01:57+00:00\",\"dateModified\":\"2025-11-24T18:01:59+00:00\",\"mainEntityOfPage\":{\"@id\":\"https:\\\/\\\/international.nubank.com.br\\\/es\\\/compania\\\/piecito-la-campana-original-de-nu-se-lleva-el-bronce-en-el-el-ojo-de-iberoamerica-2025\\\/\"},\"wordCount\":298,\"commentCount\":0,\"publisher\":{\"@id\":\"https:\\\/\\\/international.nubank.com.br\\\/es\\\/#organization\"},\"image\":{\"@id\":\"https:\\\/\\\/international.nubank.com.br\\\/es\\\/compania\\\/piecito-la-campana-original-de-nu-se-lleva-el-bronce-en-el-el-ojo-de-iberoamerica-2025\\\/#primaryimage\"},\"thumbnailUrl\":\"https:\\\/\\\/international.nubank.com.br\\\/wp-content\\\/uploads\\\/2024\\\/07\\\/IMG_3481.jpg\",\"keywords\":[\"Nu Mexico\"],\"articleSection\":[\"Compa\u00f1\u00eda\"],\"inLanguage\":\"es\",\"potentialAction\":[{\"@type\":\"CommentAction\",\"name\":\"Comment\",\"target\":[\"https:\\\/\\\/international.nubank.com.br\\\/es\\\/compania\\\/piecito-la-campana-original-de-nu-se-lleva-el-bronce-en-el-el-ojo-de-iberoamerica-2025\\\/#respond\"]}]},{\"@type\":\"WebPage\",\"@id\":\"https:\\\/\\\/international.nubank.com.br\\\/es\\\/compania\\\/piecito-la-campana-original-de-nu-se-lleva-el-bronce-en-el-el-ojo-de-iberoamerica-2025\\\/\",\"url\":\"https:\\\/\\\/international.nubank.com.br\\\/es\\\/compania\\\/piecito-la-campana-original-de-nu-se-lleva-el-bronce-en-el-el-ojo-de-iberoamerica-2025\\\/\",\"name\":\"\u201cPiecito\u201d, la campa\u00f1a original de Nu, se lleva el bronce en el El Ojo de Iberoam\u00e9rica 2025 - Nu International\",\"isPartOf\":{\"@id\":\"https:\\\/\\\/international.nubank.com.br\\\/es\\\/#website\"},\"primaryImageOfPage\":{\"@id\":\"https:\\\/\\\/international.nubank.com.br\\\/es\\\/compania\\\/piecito-la-campana-original-de-nu-se-lleva-el-bronce-en-el-el-ojo-de-iberoamerica-2025\\\/#primaryimage\"},\"image\":{\"@id\":\"https:\\\/\\\/international.nubank.com.br\\\/es\\\/compania\\\/piecito-la-campana-original-de-nu-se-lleva-el-bronce-en-el-el-ojo-de-iberoamerica-2025\\\/#primaryimage\"},\"thumbnailUrl\":\"https:\\\/\\\/international.nubank.com.br\\\/wp-content\\\/uploads\\\/2024\\\/07\\\/IMG_3481.jpg\",\"datePublished\":\"2025-11-24T18:01:57+00:00\",\"dateModified\":\"2025-11-24T18:01:59+00:00\",\"breadcrumb\":{\"@id\":\"https:\\\/\\\/international.nubank.com.br\\\/es\\\/compania\\\/piecito-la-campana-original-de-nu-se-lleva-el-bronce-en-el-el-ojo-de-iberoamerica-2025\\\/#breadcrumb\"},\"inLanguage\":\"es\",\"potentialAction\":[{\"@type\":\"ReadAction\",\"target\":[\"https:\\\/\\\/international.nubank.com.br\\\/es\\\/compania\\\/piecito-la-campana-original-de-nu-se-lleva-el-bronce-en-el-el-ojo-de-iberoamerica-2025\\\/\"]}]},{\"@type\":\"ImageObject\",\"inLanguage\":\"es\",\"@id\":\"https:\\\/\\\/international.nubank.com.br\\\/es\\\/compania\\\/piecito-la-campana-original-de-nu-se-lleva-el-bronce-en-el-el-ojo-de-iberoamerica-2025\\\/#primaryimage\",\"url\":\"https:\\\/\\\/international.nubank.com.br\\\/wp-content\\\/uploads\\\/2024\\\/07\\\/IMG_3481.jpg\",\"contentUrl\":\"https:\\\/\\\/international.nubank.com.br\\\/wp-content\\\/uploads\\\/2024\\\/07\\\/IMG_3481.jpg\",\"width\":4032,\"height\":3024},{\"@type\":\"BreadcrumbList\",\"@id\":\"https:\\\/\\\/international.nubank.com.br\\\/es\\\/compania\\\/piecito-la-campana-original-de-nu-se-lleva-el-bronce-en-el-el-ojo-de-iberoamerica-2025\\\/#breadcrumb\",\"itemListElement\":[{\"@type\":\"ListItem\",\"position\":1,\"name\":\"Home\",\"item\":\"https:\\\/\\\/international.nubank.com.br\\\/es\\\/\"},{\"@type\":\"ListItem\",\"position\":2,\"name\":\"\u201cPiecito\u201d, la campa\u00f1a original de Nu, se lleva el bronce en el El Ojo de Iberoam\u00e9rica 2025\"}]},{\"@type\":\"WebSite\",\"@id\":\"https:\\\/\\\/international.nubank.com.br\\\/es\\\/#website\",\"url\":\"https:\\\/\\\/international.nubank.com.br\\\/es\\\/\",\"name\":\"Nu International\",\"description\":\"\",\"publisher\":{\"@id\":\"https:\\\/\\\/international.nubank.com.br\\\/es\\\/#organization\"},\"potentialAction\":[{\"@type\":\"SearchAction\",\"target\":{\"@type\":\"EntryPoint\",\"urlTemplate\":\"https:\\\/\\\/international.nubank.com.br\\\/es\\\/?s={search_term_string}\"},\"query-input\":{\"@type\":\"PropertyValueSpecification\",\"valueRequired\":true,\"valueName\":\"search_term_string\"}}],\"inLanguage\":\"es\"},{\"@type\":\"Organization\",\"@id\":\"https:\\\/\\\/international.nubank.com.br\\\/es\\\/#organization\",\"name\":\"Nu International\",\"url\":\"https:\\\/\\\/international.nubank.com.br\\\/es\\\/\",\"logo\":{\"@type\":\"ImageObject\",\"inLanguage\":\"es\",\"@id\":\"https:\\\/\\\/international.nubank.com.br\\\/es\\\/#\\\/schema\\\/logo\\\/image\\\/\",\"url\":\"https:\\\/\\\/international.nubank.com.br\\\/wp-content\\\/uploads\\\/2022\\\/08\\\/favicon.png\",\"contentUrl\":\"https:\\\/\\\/international.nubank.com.br\\\/wp-content\\\/uploads\\\/2022\\\/08\\\/favicon.png\",\"width\":512,\"height\":512,\"caption\":\"Nu International\"},\"image\":{\"@id\":\"https:\\\/\\\/international.nubank.com.br\\\/es\\\/#\\\/schema\\\/logo\\\/image\\\/\"}},{\"@type\":\"Person\",\"@id\":\"https:\\\/\\\/international.nubank.com.br\\\/es\\\/#\\\/schema\\\/person\\\/1010fa4cef4e0a06e8bd1970f3e429b2\",\"name\":\"adriana.botello\",\"image\":{\"@type\":\"ImageObject\",\"inLanguage\":\"es\",\"@id\":\"https:\\\/\\\/secure.gravatar.com\\\/avatar\\\/fa0573db90be0f69faa7606c2e509aebbe9c25270fcddc4816d8612809a4d4f5?s=96&d=mm&r=g\",\"url\":\"https:\\\/\\\/secure.gravatar.com\\\/avatar\\\/fa0573db90be0f69faa7606c2e509aebbe9c25270fcddc4816d8612809a4d4f5?s=96&d=mm&r=g\",\"contentUrl\":\"https:\\\/\\\/secure.gravatar.com\\\/avatar\\\/fa0573db90be0f69faa7606c2e509aebbe9c25270fcddc4816d8612809a4d4f5?s=96&d=mm&r=g\",\"caption\":\"adriana.botello\"},\"url\":\"https:\\\/\\\/international.nubank.com.br\\\/es\\\/author\\\/adriana-botello\\\/\"}]}<\/script>\n<!-- \/ Yoast SEO plugin. -->","yoast_head_json":{"title":"\u201cPiecito\u201d, la campa\u00f1a original de Nu, se lleva el bronce en el El Ojo de Iberoam\u00e9rica 2025 - Nu International","robots":{"index":"index","follow":"follow","max-snippet":"max-snippet:-1","max-image-preview":"max-image-preview:large","max-video-preview":"max-video-preview:-1"},"canonical":"https:\/\/international.nubank.com.br\/es\/compania\/piecito-la-campana-original-de-nu-se-lleva-el-bronce-en-el-el-ojo-de-iberoamerica-2025\/","og_locale":"es_ES","og_type":"article","og_title":"\u201cPiecito\u201d, la campa\u00f1a original de Nu, se lleva el bronce en el El Ojo de Iberoam\u00e9rica 2025 - Nu International","og_description":"El coraz\u00f3n de la campa\u00f1a fue un cortometraje que narra la historia de Piecito, un fan de Dedos inspirado en Merlina, que se convierte en influencer financiero con ayuda de Nu.","og_url":"https:\/\/international.nubank.com.br\/es\/compania\/piecito-la-campana-original-de-nu-se-lleva-el-bronce-en-el-el-ojo-de-iberoamerica-2025\/","og_site_name":"Nu International","article_published_time":"2025-11-24T18:01:57+00:00","article_modified_time":"2025-11-24T18:01:59+00:00","og_image":[{"width":4032,"height":3024,"url":"https:\/\/international.nubank.com.br\/wp-content\/uploads\/2024\/07\/IMG_3481.jpg","type":"image\/jpeg"}],"author":"adriana.botello","twitter_card":"summary_large_image","twitter_misc":{"Escrito por":"adriana.botello","Tiempo de lectura":"2 minutos"},"schema":{"@context":"https:\/\/schema.org","@graph":[{"@type":"NewsArticle","@id":"https:\/\/international.nubank.com.br\/es\/compania\/piecito-la-campana-original-de-nu-se-lleva-el-bronce-en-el-el-ojo-de-iberoamerica-2025\/#article","isPartOf":{"@id":"https:\/\/international.nubank.com.br\/es\/compania\/piecito-la-campana-original-de-nu-se-lleva-el-bronce-en-el-el-ojo-de-iberoamerica-2025\/"},"author":{"name":"adriana.botello","@id":"https:\/\/international.nubank.com.br\/es\/#\/schema\/person\/1010fa4cef4e0a06e8bd1970f3e429b2"},"headline":"\u201cPiecito\u201d, la campa\u00f1a original de Nu, se lleva el bronce en el El Ojo de Iberoam\u00e9rica 2025","datePublished":"2025-11-24T18:01:57+00:00","dateModified":"2025-11-24T18:01:59+00:00","mainEntityOfPage":{"@id":"https:\/\/international.nubank.com.br\/es\/compania\/piecito-la-campana-original-de-nu-se-lleva-el-bronce-en-el-el-ojo-de-iberoamerica-2025\/"},"wordCount":298,"commentCount":0,"publisher":{"@id":"https:\/\/international.nubank.com.br\/es\/#organization"},"image":{"@id":"https:\/\/international.nubank.com.br\/es\/compania\/piecito-la-campana-original-de-nu-se-lleva-el-bronce-en-el-el-ojo-de-iberoamerica-2025\/#primaryimage"},"thumbnailUrl":"https:\/\/international.nubank.com.br\/wp-content\/uploads\/2024\/07\/IMG_3481.jpg","keywords":["Nu Mexico"],"articleSection":["Compa\u00f1\u00eda"],"inLanguage":"es","potentialAction":[{"@type":"CommentAction","name":"Comment","target":["https:\/\/international.nubank.com.br\/es\/compania\/piecito-la-campana-original-de-nu-se-lleva-el-bronce-en-el-el-ojo-de-iberoamerica-2025\/#respond"]}]},{"@type":"WebPage","@id":"https:\/\/international.nubank.com.br\/es\/compania\/piecito-la-campana-original-de-nu-se-lleva-el-bronce-en-el-el-ojo-de-iberoamerica-2025\/","url":"https:\/\/international.nubank.com.br\/es\/compania\/piecito-la-campana-original-de-nu-se-lleva-el-bronce-en-el-el-ojo-de-iberoamerica-2025\/","name":"\u201cPiecito\u201d, la campa\u00f1a original de Nu, se lleva el bronce en el El Ojo de Iberoam\u00e9rica 2025 - Nu International","isPartOf":{"@id":"https:\/\/international.nubank.com.br\/es\/#website"},"primaryImageOfPage":{"@id":"https:\/\/international.nubank.com.br\/es\/compania\/piecito-la-campana-original-de-nu-se-lleva-el-bronce-en-el-el-ojo-de-iberoamerica-2025\/#primaryimage"},"image":{"@id":"https:\/\/international.nubank.com.br\/es\/compania\/piecito-la-campana-original-de-nu-se-lleva-el-bronce-en-el-el-ojo-de-iberoamerica-2025\/#primaryimage"},"thumbnailUrl":"https:\/\/international.nubank.com.br\/wp-content\/uploads\/2024\/07\/IMG_3481.jpg","datePublished":"2025-11-24T18:01:57+00:00","dateModified":"2025-11-24T18:01:59+00:00","breadcrumb":{"@id":"https:\/\/international.nubank.com.br\/es\/compania\/piecito-la-campana-original-de-nu-se-lleva-el-bronce-en-el-el-ojo-de-iberoamerica-2025\/#breadcrumb"},"inLanguage":"es","potentialAction":[{"@type":"ReadAction","target":["https:\/\/international.nubank.com.br\/es\/compania\/piecito-la-campana-original-de-nu-se-lleva-el-bronce-en-el-el-ojo-de-iberoamerica-2025\/"]}]},{"@type":"ImageObject","inLanguage":"es","@id":"https:\/\/international.nubank.com.br\/es\/compania\/piecito-la-campana-original-de-nu-se-lleva-el-bronce-en-el-el-ojo-de-iberoamerica-2025\/#primaryimage","url":"https:\/\/international.nubank.com.br\/wp-content\/uploads\/2024\/07\/IMG_3481.jpg","contentUrl":"https:\/\/international.nubank.com.br\/wp-content\/uploads\/2024\/07\/IMG_3481.jpg","width":4032,"height":3024},{"@type":"BreadcrumbList","@id":"https:\/\/international.nubank.com.br\/es\/compania\/piecito-la-campana-original-de-nu-se-lleva-el-bronce-en-el-el-ojo-de-iberoamerica-2025\/#breadcrumb","itemListElement":[{"@type":"ListItem","position":1,"name":"Home","item":"https:\/\/international.nubank.com.br\/es\/"},{"@type":"ListItem","position":2,"name":"\u201cPiecito\u201d, la campa\u00f1a original de Nu, se lleva el bronce en el El Ojo de Iberoam\u00e9rica 2025"}]},{"@type":"WebSite","@id":"https:\/\/international.nubank.com.br\/es\/#website","url":"https:\/\/international.nubank.com.br\/es\/","name":"Nu International","description":"","publisher":{"@id":"https:\/\/international.nubank.com.br\/es\/#organization"},"potentialAction":[{"@type":"SearchAction","target":{"@type":"EntryPoint","urlTemplate":"https:\/\/international.nubank.com.br\/es\/?s={search_term_string}"},"query-input":{"@type":"PropertyValueSpecification","valueRequired":true,"valueName":"search_term_string"}}],"inLanguage":"es"},{"@type":"Organization","@id":"https:\/\/international.nubank.com.br\/es\/#organization","name":"Nu International","url":"https:\/\/international.nubank.com.br\/es\/","logo":{"@type":"ImageObject","inLanguage":"es","@id":"https:\/\/international.nubank.com.br\/es\/#\/schema\/logo\/image\/","url":"https:\/\/international.nubank.com.br\/wp-content\/uploads\/2022\/08\/favicon.png","contentUrl":"https:\/\/international.nubank.com.br\/wp-content\/uploads\/2022\/08\/favicon.png","width":512,"height":512,"caption":"Nu International"},"image":{"@id":"https:\/\/international.nubank.com.br\/es\/#\/schema\/logo\/image\/"}},{"@type":"Person","@id":"https:\/\/international.nubank.com.br\/es\/#\/schema\/person\/1010fa4cef4e0a06e8bd1970f3e429b2","name":"adriana.botello","image":{"@type":"ImageObject","inLanguage":"es","@id":"https:\/\/secure.gravatar.com\/avatar\/fa0573db90be0f69faa7606c2e509aebbe9c25270fcddc4816d8612809a4d4f5?s=96&d=mm&r=g","url":"https:\/\/secure.gravatar.com\/avatar\/fa0573db90be0f69faa7606c2e509aebbe9c25270fcddc4816d8612809a4d4f5?s=96&d=mm&r=g","contentUrl":"https:\/\/secure.gravatar.com\/avatar\/fa0573db90be0f69faa7606c2e509aebbe9c25270fcddc4816d8612809a4d4f5?s=96&d=mm&r=g","caption":"adriana.botello"},"url":"https:\/\/international.nubank.com.br\/es\/author\/adriana-botello\/"}]}},"jetpack_featured_media_url":"https:\/\/international.nubank.com.br\/wp-content\/uploads\/2024\/07\/IMG_3481.jpg","jetpack_shortlink":"https:\/\/wp.me\/peaOGT-5Q2","_links":{"self":[{"href":"https:\/\/international.nubank.com.br\/es\/wp-json\/wp\/v2\/posts\/22446","targetHints":{"allow":["GET"]}}],"collection":[{"href":"https:\/\/international.nubank.com.br\/es\/wp-json\/wp\/v2\/posts"}],"about":[{"href":"https:\/\/international.nubank.com.br\/es\/wp-json\/wp\/v2\/types\/post"}],"author":[{"embeddable":true,"href":"https:\/\/international.nubank.com.br\/es\/wp-json\/wp\/v2\/users\/60"}],"replies":[{"embeddable":true,"href":"https:\/\/international.nubank.com.br\/es\/wp-json\/wp\/v2\/comments?post=22446"}],"version-history":[{"count":5,"href":"https:\/\/international.nubank.com.br\/es\/wp-json\/wp\/v2\/posts\/22446\/revisions"}],"predecessor-version":[{"id":22451,"href":"https:\/\/international.nubank.com.br\/es\/wp-json\/wp\/v2\/posts\/22446\/revisions\/22451"}],"wp:featuredmedia":[{"embeddable":true,"href":"https:\/\/international.nubank.com.br\/es\/wp-json\/wp\/v2\/media\/14890"}],"wp:attachment":[{"href":"https:\/\/international.nubank.com.br\/es\/wp-json\/wp\/v2\/media?parent=22446"}],"wp:term":[{"taxonomy":"category","embeddable":true,"href":"https:\/\/international.nubank.com.br\/es\/wp-json\/wp\/v2\/categories?post=22446"},{"taxonomy":"post_tag","embeddable":true,"href":"https:\/\/international.nubank.com.br\/es\/wp-json\/wp\/v2\/tags?post=22446"}],"curies":[{"name":"wp","href":"https:\/\/api.w.org\/{rel}","templated":true}]}}