{"id":25141,"date":"2026-05-26T09:44:00","date_gmt":"2026-05-26T12:44:00","guid":{"rendered":"https:\/\/international.nubank.com.br\/?p=25141"},"modified":"2026-06-05T14:54:44","modified_gmt":"2026-06-05T17:54:44","slug":"nubank-lanza-nucel-para-menores-de-18-anos-y-avanza-en-la-integracion-entre-finanzas-y-conectividad","status":"publish","type":"post","link":"https:\/\/international.nubank.com.br\/es\/clientes\/nubank-lanza-nucel-para-menores-de-18-anos-y-avanza-en-la-integracion-entre-finanzas-y-conectividad\/","title":{"rendered":"Nubank lanza NuCel para menores de 18 a\u00f1os y avanza en la integraci\u00f3n entre finanzas y conectividad"},"content":{"rendered":"\n<p class=\"wp-block-paragraph\"><strong>S\u00e3o Paulo, 26 de mayo de 2026 \u2013<\/strong> Nubank lanza hoy NuCel para los clientes de entre 16 y 18 a\u00f1os. Esta innovaci\u00f3n refuerza la estrategia de la empresa de profundizar la relaci\u00f3n con las nuevas generaciones desde temprana edad, combinando autonom\u00eda digital para los adolescentes con previsibilidad y seguridad para los responsables.<\/p>\n\n\n\n<p class=\"wp-block-paragraph\">Con un proceso 100% digital, los j\u00f3venes pueden contratar, gestionar o cancelar el plan directamente desde la aplicaci\u00f3n de Nu, sin burocracia ni contratos de permanencia. El modelo funciona como un plan controlado, con renovaci\u00f3n autom\u00e1tica y sin riesgo de cobros inesperados, garantizando el control del presupuesto familiar. Los responsables legales reciben notificaciones a lo largo del proceso de contrataci\u00f3n, cancelaci\u00f3n y del estatus del pago.<\/p>\n\n\n\n<p class=\"wp-block-paragraph\">\u201cEl internet m\u00f3vil dej\u00f3 de ser solo un servicio y pas\u00f3 a ser parte de la vida social de los j\u00f3venes. Al integrar la conectividad a la cuenta digital, logramos ofrecer una experiencia simple, transparente y alineada a la forma en que esta generaci\u00f3n se relaciona con la tecnolog\u00eda, sin necesidad de recargas manuales o interacci\u00f3n con canales tradicionales de atenci\u00f3n ni filas de espera para ser atendido\u201d, dice Arthur Valad\u00e3o, Vicepresidente de Nubank.<\/p>\n\n\n\n<p class=\"wp-block-paragraph\">La soluci\u00f3n ofrece a los j\u00f3venes conexi\u00f3n 5G con acceso ilimitado a WhatsApp y a la app de Nubank. Los clientes de NuCel tambi\u00e9n tienen acceso a una Cajita con un rendimiento potenciado del 120% del CDI por tiempo limitado. Una manera de incentivar a los j\u00f3venes a invertir desde temprano, abriendo posibilidades de di\u00e1logo sobre finanzas con sus responsables.<\/p>\n\n\n\n<p class=\"wp-block-paragraph\">\u201cEspecialistas en educaci\u00f3n financiera recomiendan que los adolescentes a partir de los 13 a\u00f1os comiencen a desarrollar sus habilidades de finanzas y presupuesto, tomando decisiones de gastos supervisadas y recibiendo peque\u00f1as asignaciones y responsabilidades financieras. Con el lanzamiento de NuCel para j\u00f3venes clientes, queremos fortalecer la confianza del responsable legal en la transici\u00f3n del \u2018control\u2019 a la \u2018autonom\u00eda\u2019\u00bb, explica Valad\u00e3o.<\/p>\n\n\n\n<p class=\"wp-block-paragraph\">\u201cEs una estrategia de ampliaci\u00f3n del portafolio de productos alineada al desarrollo de habilidades financieras apropiadas para cada grupo de edad, adaptando las necesidades del cliente de acuerdo con su etapa de madurez\u00bb, concluye.<\/p>\n","protected":false},"excerpt":{"rendered":"<p>Gracias a la tecnolog\u00eda 5G y a una Cajita Turbo que ofrece el 120% de CDI en su lanzamiento, NuCel brinda a j\u00f3venes de entre 16 y 18 a\u00f1os conectividad y educaci\u00f3n financiera en una \u00fanica experiencia.<\/p>\n","protected":false},"author":249510401,"featured_media":9854,"comment_status":"open","ping_status":"closed","sticky":false,"template":"","format":"standard","meta":{"_acf_changed":false,"_wpcom_ai_launchpad_first_post":false,"footnotes":"","jetpack_post_was_ever_published":false},"categories":[69],"tags":[559,514],"class_list":["post-25141","post","type-post","status-publish","format-standard","has-post-thumbnail","hentry","category-clientes","tag-menores-de-18-anos-es","tag-nu-brasil"],"acf":[],"yoast_head":"<!-- This site is optimized with the Yoast SEO plugin v28.4 - https:\/\/yoast.com\/product\/yoast-seo-wordpress\/ -->\n<title>Nubank lanza NuCel para menores de 18 a\u00f1os<\/title>\n<meta name=\"description\" content=\"Gracias a la tecnolog\u00eda 5G y a una Cajita Turbo que ofrece el 120% de CDI en su lanzamiento, NuCel brinda a j\u00f3venes de entre 16 y 18 a\u00f1os conectividad y educaci\u00f3n financiera en una \u00fanica experiencia.\" \/>\n<meta name=\"robots\" content=\"index, follow, max-snippet:-1, max-image-preview:large, max-video-preview:-1\" \/>\n<link rel=\"canonical\" href=\"https:\/\/international.nubank.com.br\/es\/clientes\/nubank-lanza-nucel-para-menores-de-18-anos-y-avanza-en-la-integracion-entre-finanzas-y-conectividad\/\" \/>\n<meta property=\"og:locale\" content=\"es_ES\" \/>\n<meta property=\"og:type\" content=\"article\" \/>\n<meta property=\"og:title\" content=\"Nubank lanza NuCel para menores de 18 a\u00f1os\" \/>\n<meta property=\"og:description\" content=\"Gracias a la tecnolog\u00eda 5G y a una Cajita Turbo que ofrece el 120% de CDI en su lanzamiento, NuCel brinda a j\u00f3venes de entre 16 y 18 a\u00f1os conectividad y educaci\u00f3n financiera en una \u00fanica experiencia.\" \/>\n<meta property=\"og:url\" content=\"https:\/\/international.nubank.com.br\/es\/clientes\/nubank-lanza-nucel-para-menores-de-18-anos-y-avanza-en-la-integracion-entre-finanzas-y-conectividad\/\" \/>\n<meta property=\"og:site_name\" content=\"Nu International\" \/>\n<meta property=\"article:published_time\" content=\"2026-05-26T12:44:00+00:00\" \/>\n<meta property=\"article:modified_time\" content=\"2026-06-05T17:54:44+00:00\" \/>\n<meta name=\"author\" content=\"julia.vieira@nubank.com.br\" \/>\n<meta name=\"twitter:card\" content=\"summary_large_image\" \/>\n<meta name=\"twitter:label1\" content=\"Escrito por\" \/>\n\t<meta name=\"twitter:data1\" content=\"julia.vieira@nubank.com.br\" \/>\n<script type=\"application\/ld+json\" class=\"yoast-schema-graph\">{\"@context\":\"https:\\\/\\\/schema.org\",\"@graph\":[{\"@type\":\"NewsArticle\",\"@id\":\"https:\\\/\\\/international.nubank.com.br\\\/es\\\/clientes\\\/nubank-lanza-nucel-para-menores-de-18-anos-y-avanza-en-la-integracion-entre-finanzas-y-conectividad\\\/#article\",\"isPartOf\":{\"@id\":\"https:\\\/\\\/international.nubank.com.br\\\/es\\\/clientes\\\/nubank-lanza-nucel-para-menores-de-18-anos-y-avanza-en-la-integracion-entre-finanzas-y-conectividad\\\/\"},\"author\":{\"name\":\"julia.vieira@nubank.com.br\",\"@id\":\"https:\\\/\\\/international.nubank.com.br\\\/es\\\/#\\\/schema\\\/person\\\/e009a42a62d319baac47e1481ec34303\"},\"headline\":\"Nubank lanza NuCel para menores de 18 a\u00f1os y avanza en la integraci\u00f3n entre finanzas y conectividad\",\"datePublished\":\"2026-05-26T12:44:00+00:00\",\"dateModified\":\"2026-06-05T17:54:44+00:00\",\"mainEntityOfPage\":{\"@id\":\"https:\\\/\\\/international.nubank.com.br\\\/es\\\/clientes\\\/nubank-lanza-nucel-para-menores-de-18-anos-y-avanza-en-la-integracion-entre-finanzas-y-conectividad\\\/\"},\"wordCount\":389,\"commentCount\":0,\"publisher\":{\"@id\":\"https:\\\/\\\/international.nubank.com.br\\\/es\\\/#organization\"},\"image\":{\"@id\":\"https:\\\/\\\/international.nubank.com.br\\\/es\\\/clientes\\\/nubank-lanza-nucel-para-menores-de-18-anos-y-avanza-en-la-integracion-entre-finanzas-y-conectividad\\\/#primaryimage\"},\"thumbnailUrl\":\"https:\\\/\\\/international.nubank.com.br\\\/wp-content\\\/uploads\\\/2023\\\/08\\\/Copy-of-NBK02875-1.jpg\",\"keywords\":[\"Menores de 18 a\u00f1os\",\"Nubank Brasil\"],\"articleSection\":[\"Clientes\"],\"inLanguage\":\"es\",\"potentialAction\":[{\"@type\":\"CommentAction\",\"name\":\"Comment\",\"target\":[\"https:\\\/\\\/international.nubank.com.br\\\/es\\\/clientes\\\/nubank-lanza-nucel-para-menores-de-18-anos-y-avanza-en-la-integracion-entre-finanzas-y-conectividad\\\/#respond\"]}]},{\"@type\":\"WebPage\",\"@id\":\"https:\\\/\\\/international.nubank.com.br\\\/es\\\/clientes\\\/nubank-lanza-nucel-para-menores-de-18-anos-y-avanza-en-la-integracion-entre-finanzas-y-conectividad\\\/\",\"url\":\"https:\\\/\\\/international.nubank.com.br\\\/es\\\/clientes\\\/nubank-lanza-nucel-para-menores-de-18-anos-y-avanza-en-la-integracion-entre-finanzas-y-conectividad\\\/\",\"name\":\"Nubank lanza NuCel para menores de 18 a\u00f1os\",\"isPartOf\":{\"@id\":\"https:\\\/\\\/international.nubank.com.br\\\/es\\\/#website\"},\"primaryImageOfPage\":{\"@id\":\"https:\\\/\\\/international.nubank.com.br\\\/es\\\/clientes\\\/nubank-lanza-nucel-para-menores-de-18-anos-y-avanza-en-la-integracion-entre-finanzas-y-conectividad\\\/#primaryimage\"},\"image\":{\"@id\":\"https:\\\/\\\/international.nubank.com.br\\\/es\\\/clientes\\\/nubank-lanza-nucel-para-menores-de-18-anos-y-avanza-en-la-integracion-entre-finanzas-y-conectividad\\\/#primaryimage\"},\"thumbnailUrl\":\"https:\\\/\\\/international.nubank.com.br\\\/wp-content\\\/uploads\\\/2023\\\/08\\\/Copy-of-NBK02875-1.jpg\",\"datePublished\":\"2026-05-26T12:44:00+00:00\",\"dateModified\":\"2026-06-05T17:54:44+00:00\",\"description\":\"Gracias a la tecnolog\u00eda 5G y a una Cajita Turbo que ofrece el 120% de CDI en su lanzamiento, NuCel brinda a j\u00f3venes de entre 16 y 18 a\u00f1os conectividad y educaci\u00f3n financiera en una \u00fanica experiencia.\",\"breadcrumb\":{\"@id\":\"https:\\\/\\\/international.nubank.com.br\\\/es\\\/clientes\\\/nubank-lanza-nucel-para-menores-de-18-anos-y-avanza-en-la-integracion-entre-finanzas-y-conectividad\\\/#breadcrumb\"},\"inLanguage\":\"es\",\"potentialAction\":[{\"@type\":\"ReadAction\",\"target\":[\"https:\\\/\\\/international.nubank.com.br\\\/es\\\/clientes\\\/nubank-lanza-nucel-para-menores-de-18-anos-y-avanza-en-la-integracion-entre-finanzas-y-conectividad\\\/\"]}]},{\"@type\":\"ImageObject\",\"inLanguage\":\"es\",\"@id\":\"https:\\\/\\\/international.nubank.com.br\\\/es\\\/clientes\\\/nubank-lanza-nucel-para-menores-de-18-anos-y-avanza-en-la-integracion-entre-finanzas-y-conectividad\\\/#primaryimage\",\"url\":\"https:\\\/\\\/international.nubank.com.br\\\/wp-content\\\/uploads\\\/2023\\\/08\\\/Copy-of-NBK02875-1.jpg\",\"contentUrl\":\"https:\\\/\\\/international.nubank.com.br\\\/wp-content\\\/uploads\\\/2023\\\/08\\\/Copy-of-NBK02875-1.jpg\",\"width\":2048,\"height\":1365},{\"@type\":\"BreadcrumbList\",\"@id\":\"https:\\\/\\\/international.nubank.com.br\\\/es\\\/clientes\\\/nubank-lanza-nucel-para-menores-de-18-anos-y-avanza-en-la-integracion-entre-finanzas-y-conectividad\\\/#breadcrumb\",\"itemListElement\":[{\"@type\":\"ListItem\",\"position\":1,\"name\":\"Home\",\"item\":\"https:\\\/\\\/international.nubank.com.br\\\/es\\\/\"},{\"@type\":\"ListItem\",\"position\":2,\"name\":\"Nubank lanza NuCel para menores de 18 a\u00f1os y avanza en la integraci\u00f3n entre finanzas y conectividad\"}]},{\"@type\":\"WebSite\",\"@id\":\"https:\\\/\\\/international.nubank.com.br\\\/es\\\/#website\",\"url\":\"https:\\\/\\\/international.nubank.com.br\\\/es\\\/\",\"name\":\"Nu International\",\"description\":\"\",\"publisher\":{\"@id\":\"https:\\\/\\\/international.nubank.com.br\\\/es\\\/#organization\"},\"potentialAction\":[{\"@type\":\"SearchAction\",\"target\":{\"@type\":\"EntryPoint\",\"urlTemplate\":\"https:\\\/\\\/international.nubank.com.br\\\/es\\\/?s={search_term_string}\"},\"query-input\":{\"@type\":\"PropertyValueSpecification\",\"valueRequired\":true,\"valueName\":\"search_term_string\"}}],\"inLanguage\":\"es\"},{\"@type\":\"Organization\",\"@id\":\"https:\\\/\\\/international.nubank.com.br\\\/es\\\/#organization\",\"name\":\"Nu International\",\"url\":\"https:\\\/\\\/international.nubank.com.br\\\/es\\\/\",\"logo\":{\"@type\":\"ImageObject\",\"inLanguage\":\"es\",\"@id\":\"https:\\\/\\\/international.nubank.com.br\\\/es\\\/#\\\/schema\\\/logo\\\/image\\\/\",\"url\":\"https:\\\/\\\/international.nubank.com.br\\\/wp-content\\\/uploads\\\/2022\\\/08\\\/favicon.png\",\"contentUrl\":\"https:\\\/\\\/international.nubank.com.br\\\/wp-content\\\/uploads\\\/2022\\\/08\\\/favicon.png\",\"width\":512,\"height\":512,\"caption\":\"Nu International\"},\"image\":{\"@id\":\"https:\\\/\\\/international.nubank.com.br\\\/es\\\/#\\\/schema\\\/logo\\\/image\\\/\"}},{\"@type\":\"Person\",\"@id\":\"https:\\\/\\\/international.nubank.com.br\\\/es\\\/#\\\/schema\\\/person\\\/e009a42a62d319baac47e1481ec34303\",\"name\":\"julia.vieira@nubank.com.br\",\"image\":{\"@type\":\"ImageObject\",\"inLanguage\":\"es\",\"@id\":\"https:\\\/\\\/secure.gravatar.com\\\/avatar\\\/98452f611d991f37659e56b103c367601fc3621e061ecd5d86366181f72de70d?s=96&d=mm&r=g\",\"url\":\"https:\\\/\\\/secure.gravatar.com\\\/avatar\\\/98452f611d991f37659e56b103c367601fc3621e061ecd5d86366181f72de70d?s=96&d=mm&r=g\",\"contentUrl\":\"https:\\\/\\\/secure.gravatar.com\\\/avatar\\\/98452f611d991f37659e56b103c367601fc3621e061ecd5d86366181f72de70d?s=96&d=mm&r=g\",\"caption\":\"julia.vieira@nubank.com.br\"},\"url\":\"https:\\\/\\\/international.nubank.com.br\\\/es\\\/author\\\/julia-vieiranubank-com-br\\\/\"}]}<\/script>\n<!-- \/ Yoast SEO plugin. -->","yoast_head_json":{"title":"Nubank lanza NuCel para menores de 18 a\u00f1os","description":"Gracias a la tecnolog\u00eda 5G y a una Cajita Turbo que ofrece el 120% de CDI en su lanzamiento, NuCel brinda a j\u00f3venes de entre 16 y 18 a\u00f1os conectividad y educaci\u00f3n financiera en una \u00fanica experiencia.","robots":{"index":"index","follow":"follow","max-snippet":"max-snippet:-1","max-image-preview":"max-image-preview:large","max-video-preview":"max-video-preview:-1"},"canonical":"https:\/\/international.nubank.com.br\/es\/clientes\/nubank-lanza-nucel-para-menores-de-18-anos-y-avanza-en-la-integracion-entre-finanzas-y-conectividad\/","og_locale":"es_ES","og_type":"article","og_title":"Nubank lanza NuCel para menores de 18 a\u00f1os","og_description":"Gracias a la tecnolog\u00eda 5G y a una Cajita Turbo que ofrece el 120% de CDI en su lanzamiento, NuCel brinda a j\u00f3venes de entre 16 y 18 a\u00f1os conectividad y educaci\u00f3n financiera en una \u00fanica experiencia.","og_url":"https:\/\/international.nubank.com.br\/es\/clientes\/nubank-lanza-nucel-para-menores-de-18-anos-y-avanza-en-la-integracion-entre-finanzas-y-conectividad\/","og_site_name":"Nu International","article_published_time":"2026-05-26T12:44:00+00:00","article_modified_time":"2026-06-05T17:54:44+00:00","author":"julia.vieira@nubank.com.br","twitter_card":"summary_large_image","twitter_misc":{"Escrito por":"julia.vieira@nubank.com.br"},"schema":{"@context":"https:\/\/schema.org","@graph":[{"@type":"NewsArticle","@id":"https:\/\/international.nubank.com.br\/es\/clientes\/nubank-lanza-nucel-para-menores-de-18-anos-y-avanza-en-la-integracion-entre-finanzas-y-conectividad\/#article","isPartOf":{"@id":"https:\/\/international.nubank.com.br\/es\/clientes\/nubank-lanza-nucel-para-menores-de-18-anos-y-avanza-en-la-integracion-entre-finanzas-y-conectividad\/"},"author":{"name":"julia.vieira@nubank.com.br","@id":"https:\/\/international.nubank.com.br\/es\/#\/schema\/person\/e009a42a62d319baac47e1481ec34303"},"headline":"Nubank lanza NuCel para menores de 18 a\u00f1os y avanza en la integraci\u00f3n entre finanzas y conectividad","datePublished":"2026-05-26T12:44:00+00:00","dateModified":"2026-06-05T17:54:44+00:00","mainEntityOfPage":{"@id":"https:\/\/international.nubank.com.br\/es\/clientes\/nubank-lanza-nucel-para-menores-de-18-anos-y-avanza-en-la-integracion-entre-finanzas-y-conectividad\/"},"wordCount":389,"commentCount":0,"publisher":{"@id":"https:\/\/international.nubank.com.br\/es\/#organization"},"image":{"@id":"https:\/\/international.nubank.com.br\/es\/clientes\/nubank-lanza-nucel-para-menores-de-18-anos-y-avanza-en-la-integracion-entre-finanzas-y-conectividad\/#primaryimage"},"thumbnailUrl":"https:\/\/international.nubank.com.br\/wp-content\/uploads\/2023\/08\/Copy-of-NBK02875-1.jpg","keywords":["Menores de 18 a\u00f1os","Nubank Brasil"],"articleSection":["Clientes"],"inLanguage":"es","potentialAction":[{"@type":"CommentAction","name":"Comment","target":["https:\/\/international.nubank.com.br\/es\/clientes\/nubank-lanza-nucel-para-menores-de-18-anos-y-avanza-en-la-integracion-entre-finanzas-y-conectividad\/#respond"]}]},{"@type":"WebPage","@id":"https:\/\/international.nubank.com.br\/es\/clientes\/nubank-lanza-nucel-para-menores-de-18-anos-y-avanza-en-la-integracion-entre-finanzas-y-conectividad\/","url":"https:\/\/international.nubank.com.br\/es\/clientes\/nubank-lanza-nucel-para-menores-de-18-anos-y-avanza-en-la-integracion-entre-finanzas-y-conectividad\/","name":"Nubank lanza NuCel para menores de 18 a\u00f1os","isPartOf":{"@id":"https:\/\/international.nubank.com.br\/es\/#website"},"primaryImageOfPage":{"@id":"https:\/\/international.nubank.com.br\/es\/clientes\/nubank-lanza-nucel-para-menores-de-18-anos-y-avanza-en-la-integracion-entre-finanzas-y-conectividad\/#primaryimage"},"image":{"@id":"https:\/\/international.nubank.com.br\/es\/clientes\/nubank-lanza-nucel-para-menores-de-18-anos-y-avanza-en-la-integracion-entre-finanzas-y-conectividad\/#primaryimage"},"thumbnailUrl":"https:\/\/international.nubank.com.br\/wp-content\/uploads\/2023\/08\/Copy-of-NBK02875-1.jpg","datePublished":"2026-05-26T12:44:00+00:00","dateModified":"2026-06-05T17:54:44+00:00","description":"Gracias a la tecnolog\u00eda 5G y a una Cajita Turbo que ofrece el 120% de CDI en su lanzamiento, NuCel brinda a j\u00f3venes de entre 16 y 18 a\u00f1os conectividad y educaci\u00f3n financiera en una \u00fanica experiencia.","breadcrumb":{"@id":"https:\/\/international.nubank.com.br\/es\/clientes\/nubank-lanza-nucel-para-menores-de-18-anos-y-avanza-en-la-integracion-entre-finanzas-y-conectividad\/#breadcrumb"},"inLanguage":"es","potentialAction":[{"@type":"ReadAction","target":["https:\/\/international.nubank.com.br\/es\/clientes\/nubank-lanza-nucel-para-menores-de-18-anos-y-avanza-en-la-integracion-entre-finanzas-y-conectividad\/"]}]},{"@type":"ImageObject","inLanguage":"es","@id":"https:\/\/international.nubank.com.br\/es\/clientes\/nubank-lanza-nucel-para-menores-de-18-anos-y-avanza-en-la-integracion-entre-finanzas-y-conectividad\/#primaryimage","url":"https:\/\/international.nubank.com.br\/wp-content\/uploads\/2023\/08\/Copy-of-NBK02875-1.jpg","contentUrl":"https:\/\/international.nubank.com.br\/wp-content\/uploads\/2023\/08\/Copy-of-NBK02875-1.jpg","width":2048,"height":1365},{"@type":"BreadcrumbList","@id":"https:\/\/international.nubank.com.br\/es\/clientes\/nubank-lanza-nucel-para-menores-de-18-anos-y-avanza-en-la-integracion-entre-finanzas-y-conectividad\/#breadcrumb","itemListElement":[{"@type":"ListItem","position":1,"name":"Home","item":"https:\/\/international.nubank.com.br\/es\/"},{"@type":"ListItem","position":2,"name":"Nubank lanza NuCel para menores de 18 a\u00f1os y avanza en la integraci\u00f3n entre finanzas y conectividad"}]},{"@type":"WebSite","@id":"https:\/\/international.nubank.com.br\/es\/#website","url":"https:\/\/international.nubank.com.br\/es\/","name":"Nu International","description":"","publisher":{"@id":"https:\/\/international.nubank.com.br\/es\/#organization"},"potentialAction":[{"@type":"SearchAction","target":{"@type":"EntryPoint","urlTemplate":"https:\/\/international.nubank.com.br\/es\/?s={search_term_string}"},"query-input":{"@type":"PropertyValueSpecification","valueRequired":true,"valueName":"search_term_string"}}],"inLanguage":"es"},{"@type":"Organization","@id":"https:\/\/international.nubank.com.br\/es\/#organization","name":"Nu International","url":"https:\/\/international.nubank.com.br\/es\/","logo":{"@type":"ImageObject","inLanguage":"es","@id":"https:\/\/international.nubank.com.br\/es\/#\/schema\/logo\/image\/","url":"https:\/\/international.nubank.com.br\/wp-content\/uploads\/2022\/08\/favicon.png","contentUrl":"https:\/\/international.nubank.com.br\/wp-content\/uploads\/2022\/08\/favicon.png","width":512,"height":512,"caption":"Nu International"},"image":{"@id":"https:\/\/international.nubank.com.br\/es\/#\/schema\/logo\/image\/"}},{"@type":"Person","@id":"https:\/\/international.nubank.com.br\/es\/#\/schema\/person\/e009a42a62d319baac47e1481ec34303","name":"julia.vieira@nubank.com.br","image":{"@type":"ImageObject","inLanguage":"es","@id":"https:\/\/secure.gravatar.com\/avatar\/98452f611d991f37659e56b103c367601fc3621e061ecd5d86366181f72de70d?s=96&d=mm&r=g","url":"https:\/\/secure.gravatar.com\/avatar\/98452f611d991f37659e56b103c367601fc3621e061ecd5d86366181f72de70d?s=96&d=mm&r=g","contentUrl":"https:\/\/secure.gravatar.com\/avatar\/98452f611d991f37659e56b103c367601fc3621e061ecd5d86366181f72de70d?s=96&d=mm&r=g","caption":"julia.vieira@nubank.com.br"},"url":"https:\/\/international.nubank.com.br\/es\/author\/julia-vieiranubank-com-br\/"}]}},"jetpack_shortlink":"https:\/\/wp.me\/peaOGT-6xv","jetpack_featured_media_url":"https:\/\/international.nubank.com.br\/wp-content\/uploads\/2023\/08\/Copy-of-NBK02875-1.jpg","_links":{"self":[{"href":"https:\/\/international.nubank.com.br\/es\/wp-json\/wp\/v2\/posts\/25141","targetHints":{"allow":["GET"]}}],"collection":[{"href":"https:\/\/international.nubank.com.br\/es\/wp-json\/wp\/v2\/posts"}],"about":[{"href":"https:\/\/international.nubank.com.br\/es\/wp-json\/wp\/v2\/types\/post"}],"author":[{"embeddable":true,"href":"https:\/\/international.nubank.com.br\/es\/wp-json\/wp\/v2\/users\/249510401"}],"replies":[{"embeddable":true,"href":"https:\/\/international.nubank.com.br\/es\/wp-json\/wp\/v2\/comments?post=25141"}],"version-history":[{"count":2,"href":"https:\/\/international.nubank.com.br\/es\/wp-json\/wp\/v2\/posts\/25141\/revisions"}],"predecessor-version":[{"id":25145,"href":"https:\/\/international.nubank.com.br\/es\/wp-json\/wp\/v2\/posts\/25141\/revisions\/25145"}],"wp:featuredmedia":[{"embeddable":true,"href":"https:\/\/international.nubank.com.br\/es\/wp-json\/wp\/v2\/media\/9854"}],"wp:attachment":[{"href":"https:\/\/international.nubank.com.br\/es\/wp-json\/wp\/v2\/media?parent=25141"}],"wp:term":[{"taxonomy":"category","embeddable":true,"href":"https:\/\/international.nubank.com.br\/es\/wp-json\/wp\/v2\/categories?post=25141"},{"taxonomy":"post_tag","embeddable":true,"href":"https:\/\/international.nubank.com.br\/es\/wp-json\/wp\/v2\/tags?post=25141"}],"curies":[{"name":"wp","href":"https:\/\/api.w.org\/{rel}","templated":true}]}}