{"id":25410,"date":"2026-06-09T09:30:00","date_gmt":"2026-06-09T12:30:00","guid":{"rendered":"https:\/\/international.nubank.com.br\/?p=25410"},"modified":"2026-06-23T18:51:35","modified_gmt":"2026-06-23T21:51:35","slug":"nubank-anuncia-nubank-art-lab-el-espacio-de-arte-inmersivo-permanente-mas-grande-de-brasil","status":"publish","type":"post","link":"https:\/\/international.nubank.com.br\/es\/compania\/nubank-anuncia-nubank-art-lab-el-espacio-de-arte-inmersivo-permanente-mas-grande-de-brasil\/","title":{"rendered":"Nubank anuncia Nubank Arte Lab, el espacio de arte inmersivo permanente m\u00e1s grande de Brasil"},"content":{"rendered":"\n<p class=\"wp-block-paragraph\"><strong>S\u00e3o Paulo, 9 de junio de 2026 &#8211; <\/strong>Nubank, una de las mayores plataformas digitales de servicios financieros del mundo, anuncia hoy el <strong>Nubank Arte Lab<\/strong>, un nuevo espacio permanente dedicado a experiencias inmersivas, arte y tecnolog\u00eda, ubicado en el primer piso del Conjunto Nacional, en la Avenida Paulista, en S\u00e3o Paulo. Con su inauguraci\u00f3n prevista para agosto, el proyecto nace para ampliar el acceso del p\u00fablico brasile\u00f1o a experiencias culturales de gran escala en una de las zonas m\u00e1s emblem\u00e1ticas de la ciudad.<\/p>\n\n\n\n<p class=\"wp-block-paragraph\"><\/p>\n\n\n\n<figure class=\"wp-block-image size-large\"><img loading=\"lazy\" decoding=\"async\" width=\"1024\" height=\"263\" src=\"https:\/\/international.nubank.com.br\/wp-content\/uploads\/2026\/06\/image-1-1024x263.jpeg\" alt=\"\" class=\"wp-image-25281\" srcset=\"https:\/\/international.nubank.com.br\/wp-content\/uploads\/2026\/06\/image-1-1024x263.jpeg 1024w, https:\/\/international.nubank.com.br\/wp-content\/uploads\/2026\/06\/image-1-300x77.jpeg 300w, https:\/\/international.nubank.com.br\/wp-content\/uploads\/2026\/06\/image-1-768x197.jpeg 768w, https:\/\/international.nubank.com.br\/wp-content\/uploads\/2026\/06\/image-1-1536x394.jpeg 1536w, https:\/\/international.nubank.com.br\/wp-content\/uploads\/2026\/06\/image-1-1200x308.jpeg 1200w, https:\/\/international.nubank.com.br\/wp-content\/uploads\/2026\/06\/image-1.jpeg 2048w\" sizes=\"auto, (max-width: 1024px) 100vw, 1024px\" \/><\/figure>\n\n\n\n<p class=\"wp-block-paragraph\"><\/p>\n\n\n\n<p class=\"wp-block-paragraph\">Desarrollado en alianza con Aventura, la mayor operadora de centros culturales del pa\u00eds, el Nubank Arte Lab tendr\u00e1 2,700 m\u00b2, un \u00e1rea gastron\u00f3mica, una tienda de regalos y una programaci\u00f3n continua a lo largo del a\u00f1o. La arquitectura estar\u00e1 a cargo del estudio Jacobsen Arquitetura, reconocido por proyectos como el Museo de Arte de R\u00edo (MAR).<\/p>\n\n\n\n<p class=\"wp-block-paragraph\">El lugar contar\u00e1 con tres ambientes modulares. La Sala Multiuso funcionar\u00e1 como un n\u00facleo vers\u00e1til capaz de albergar instalaciones art\u00edsticas, exposiciones, eventos, talleres (workshops) y otras actividades. Por su parte, las dos Salas Inmersivas ampliar\u00e1n la experiencia sensorial mediante proyecciones digitales y narrativas audiovisuales. Una de las salas tendr\u00e1 una pared de LED de 10 metros de largo y un techo espejado.<\/p>\n\n\n\n<p class=\"wp-block-paragraph\">La muestra inmersiva \u201cO Mundo de Tarsila\u201d (El mundo de Tarsila), la m\u00e1s grande jam\u00e1s dedicada a la obra de Tarsila do Amaral, marcar\u00e1 la apertura del espacio. La exposici\u00f3n in\u00e9dita iniciar\u00e1 las celebraciones por los 140 a\u00f1os de la artista y ocupar\u00e1 m\u00e1s de 10 ambientes con proyecciones en 360 grados, instalaciones interactivas, banda sonora original, experiencias sensoriales y reinterpretaciones digitales de obras ic\u00f3nicas como Abaporu, Antropofagia y Oper\u00e1rios. La preventa de boletos para clientes de Nubank comenzar\u00e1 el 17 de junio a trav\u00e9s de la plataforma Fever.<\/p>\n\n\n\n<p class=\"wp-block-paragraph\">Los clientes de Nubank tendr\u00e1n acceso a beneficios exclusivos, incluido un 35% de descuento en la compra de entradas, adem\u00e1s de descuentos en la tienda de las exposiciones y en el espacio gastron\u00f3mico para clientes Ultravioleta.<\/p>\n\n\n\n<p class=\"wp-block-paragraph\">\u201cNuestra inversi\u00f3n en el Nubank Arte Lab forma parte de la estrategia de Nu para ampliar su presencia en la cultura y el entretenimiento, mediante activaciones f\u00edsicas que van m\u00e1s all\u00e1 del universo financiero. En los \u00faltimos meses, anunciamos dos grandes iniciativas en la ciudad: la reapertura de NuCine Copan, ubicado en el ic\u00f3nico Edificio Copan, y los derechos de denominaci\u00f3nde Nubank Parque, una arena multiuso enfocada en conciertos, deportes y grandes eventos. Con estas iniciativas, tambi\u00e9n queremos retribuir a nuestros clientes y a S\u00e3o Paulo, la ciudad donde naci\u00f3 Nubank, con experiencias que conecten arte, tecnolog\u00eda y entretenimiento\u201d, afirma Juliana Roschel, Vicepresidenta de Marketing de Nubank.<\/p>\n\n\n\n<p class=\"wp-block-paragraph\">\u201cEstamos trayendo un concepto in\u00e9dito en el mundo, teniendo a la tecnolog\u00eda y la innovaci\u00f3n como herramientas esenciales para el impulso y la difusi\u00f3n de diferentes frentes de la econom\u00eda creativa. El Nubank Arte Lab ser\u00e1 tambi\u00e9n un gran centro de experimentaci\u00f3n y cocreaci\u00f3n, con una agenda enfocada en la ampliaci\u00f3n y divulgaci\u00f3n de la cultura, permitiendo nuevas experiencias y formas de contacto, y multiplicando el alcance hacia nuevas audiencias\u201d, se\u00f1ala Luiz Andr\u00e9 Calainho, socio de Aventura.<\/p>\n\n\n\n<p class=\"wp-block-paragraph\"><\/p>\n\n\n\n<figure class=\"wp-block-image size-large\"><img loading=\"lazy\" decoding=\"async\" width=\"1024\" height=\"512\" src=\"https:\/\/international.nubank.com.br\/wp-content\/uploads\/2026\/06\/15_SALA_ESPELHO_CONJ_NACIONAL_JA_R01-1024x512.jpg\" alt=\"\" class=\"wp-image-25287\" srcset=\"https:\/\/international.nubank.com.br\/wp-content\/uploads\/2026\/06\/15_SALA_ESPELHO_CONJ_NACIONAL_JA_R01-1024x512.jpg 1024w, https:\/\/international.nubank.com.br\/wp-content\/uploads\/2026\/06\/15_SALA_ESPELHO_CONJ_NACIONAL_JA_R01-300x150.jpg 300w, https:\/\/international.nubank.com.br\/wp-content\/uploads\/2026\/06\/15_SALA_ESPELHO_CONJ_NACIONAL_JA_R01-768x384.jpg 768w, https:\/\/international.nubank.com.br\/wp-content\/uploads\/2026\/06\/15_SALA_ESPELHO_CONJ_NACIONAL_JA_R01-1536x768.jpg 1536w, https:\/\/international.nubank.com.br\/wp-content\/uploads\/2026\/06\/15_SALA_ESPELHO_CONJ_NACIONAL_JA_R01-2048x1024.jpg 2048w, https:\/\/international.nubank.com.br\/wp-content\/uploads\/2026\/06\/15_SALA_ESPELHO_CONJ_NACIONAL_JA_R01-1200x600.jpg 1200w\" sizes=\"auto, (max-width: 1024px) 100vw, 1024px\" \/><\/figure>\n\n\n\n<p class=\"wp-block-paragraph\"><\/p>\n\n\n\n<h2 class=\"wp-block-heading\"><strong>Brasil en la ruta global de los espacios de arte inmersivo<\/strong><\/h2>\n\n\n\n<p class=\"wp-block-paragraph\">En los \u00faltimos a\u00f1os, espacios como el Ateliers des Lumi\u00e8res en Par\u00eds, el Superblue en Miami y el Artechouse en Nueva York ayudaron a consolidar un modelo de experiencia cultural que combina arte, tecnolog\u00eda y arquitectura. El Nubank Arte Lab llega a este escenario como el primer espacio permanente de su tipo en Brasil, con la vocaci\u00f3n de integrar de forma constante a S\u00e3o Paulo en este circuito internacional.<\/p>\n\n\n\n<p class=\"wp-block-paragraph\">La iniciativa tambi\u00e9n se conecta con un movimiento m\u00e1s amplio de revitalizaci\u00f3n cultural de la Avenida Paulista, impulsado por la expansi\u00f3n de centros culturales, espacios de experiencias e iniciativas vinculadas a la econom\u00eda creativa. El Nubank Arte Lab se suma a la transformaci\u00f3n de la regi\u00f3n al proponer un nuevo punto de encuentro entre la ciudad, la cultura, la innovaci\u00f3n, sus habitantes y los turistas.<\/p>\n\n\n\n<p class=\"wp-block-paragraph\">M\u00e1s informaci\u00f3n sobre el Nubank Arte Lab en <a href=\"https:\/\/www.instagram.com\/nubankartelab\"><strong>@nubankartelab<\/strong><\/a>.<\/p>\n\n\n\n<p class=\"wp-block-paragraph\"><a href=\"https:\/\/drive.google.com\/drive\/folders\/1hVcl_YHSXSU9MQn_GIA9TxZ9TV0sSAh_\">Im\u00e1genes de difusi\u00f3n disponibles aqu\u00ed<\/a><\/p>\n","protected":false},"excerpt":{"rendered":"<p>El espacio ocupar\u00e1 2.700 m\u00b2 del edificio Conjunto Nacional en la Avenida Paulista de S\u00e3o Paulo, y su inauguraci\u00f3n tendr\u00e1 lugar en agosto con una nueva exposici\u00f3n de la obra de Tarsila do Amaral.<\/p>\n","protected":false},"author":249510401,"featured_media":25290,"comment_status":"open","ping_status":"closed","sticky":false,"template":"","format":"standard","meta":{"_acf_changed":false,"_wpcom_ai_launchpad_first_post":false,"footnotes":"","jetpack_post_was_ever_published":false},"categories":[68],"tags":[588,514],"class_list":["post-25410","post","type-post","status-publish","format-standard","has-post-thumbnail","hentry","category-compania","tag-marketing-es","tag-nu-brasil"],"acf":[],"yoast_head":"<!-- This site is optimized with the Yoast SEO plugin v28.4 - https:\/\/yoast.com\/product\/yoast-seo-wordpress\/ -->\n<title>Nubank anuncia Nubank Art Lab<\/title>\n<meta name=\"description\" content=\"El espacio ocupar\u00e1 2.700 m\u00b2 del edificio Conjunto Nacional en la Avenida Paulista de S\u00e3o Paulo, y su inauguraci\u00f3n tendr\u00e1 lugar en agosto con una nueva exposici\u00f3n de la obra de Tarsila do Amaral.\" \/>\n<meta name=\"robots\" content=\"index, follow, max-snippet:-1, max-image-preview:large, max-video-preview:-1\" \/>\n<link rel=\"canonical\" href=\"https:\/\/international.nubank.com.br\/es\/compania\/nubank-anuncia-nubank-art-lab-el-espacio-de-arte-inmersivo-permanente-mas-grande-de-brasil\/\" \/>\n<meta property=\"og:locale\" content=\"es_ES\" \/>\n<meta property=\"og:type\" content=\"article\" \/>\n<meta property=\"og:title\" content=\"Nubank anuncia Nubank Art Lab\" \/>\n<meta property=\"og:description\" content=\"El espacio ocupar\u00e1 2.700 m\u00b2 del edificio Conjunto Nacional en la Avenida Paulista de S\u00e3o Paulo, y su inauguraci\u00f3n tendr\u00e1 lugar en agosto con una nueva exposici\u00f3n de la obra de Tarsila do Amaral.\" \/>\n<meta property=\"og:url\" content=\"https:\/\/international.nubank.com.br\/es\/compania\/nubank-anuncia-nubank-art-lab-el-espacio-de-arte-inmersivo-permanente-mas-grande-de-brasil\/\" \/>\n<meta property=\"og:site_name\" content=\"Nu International\" \/>\n<meta property=\"article:published_time\" content=\"2026-06-09T12:30:00+00:00\" \/>\n<meta property=\"article:modified_time\" content=\"2026-06-23T21:51:35+00:00\" \/>\n<meta property=\"og:image\" content=\"https:\/\/international.nubank.com.br\/wp-content\/uploads\/2026\/06\/01_ENTRADA_I_CONJ_NACIONAL_JA_R14-A-1024x263.jpg\" \/>\n\t<meta property=\"og:image:width\" content=\"1024\" \/>\n\t<meta property=\"og:image:height\" content=\"263\" \/>\n\t<meta property=\"og:image:type\" content=\"image\/jpeg\" \/>\n<meta name=\"author\" content=\"julia.vieira@nubank.com.br\" \/>\n<meta name=\"twitter:card\" content=\"summary_large_image\" \/>\n<meta name=\"twitter:label1\" content=\"Escrito por\" \/>\n\t<meta name=\"twitter:data1\" content=\"julia.vieira@nubank.com.br\" \/>\n\t<meta name=\"twitter:label2\" content=\"Tiempo de lectura\" \/>\n\t<meta name=\"twitter:data2\" content=\"4 minutos\" \/>\n<script type=\"application\/ld+json\" class=\"yoast-schema-graph\">{\"@context\":\"https:\\\/\\\/schema.org\",\"@graph\":[{\"@type\":\"NewsArticle\",\"@id\":\"https:\\\/\\\/international.nubank.com.br\\\/es\\\/compania\\\/nubank-anuncia-nubank-art-lab-el-espacio-de-arte-inmersivo-permanente-mas-grande-de-brasil\\\/#article\",\"isPartOf\":{\"@id\":\"https:\\\/\\\/international.nubank.com.br\\\/es\\\/compania\\\/nubank-anuncia-nubank-art-lab-el-espacio-de-arte-inmersivo-permanente-mas-grande-de-brasil\\\/\"},\"author\":{\"name\":\"julia.vieira@nubank.com.br\",\"@id\":\"https:\\\/\\\/international.nubank.com.br\\\/es\\\/#\\\/schema\\\/person\\\/e009a42a62d319baac47e1481ec34303\"},\"headline\":\"Nubank anuncia Nubank Arte Lab, el espacio de arte inmersivo permanente m\u00e1s grande de Brasil\",\"datePublished\":\"2026-06-09T12:30:00+00:00\",\"dateModified\":\"2026-06-23T21:51:35+00:00\",\"mainEntityOfPage\":{\"@id\":\"https:\\\/\\\/international.nubank.com.br\\\/es\\\/compania\\\/nubank-anuncia-nubank-art-lab-el-espacio-de-arte-inmersivo-permanente-mas-grande-de-brasil\\\/\"},\"wordCount\":743,\"commentCount\":0,\"publisher\":{\"@id\":\"https:\\\/\\\/international.nubank.com.br\\\/es\\\/#organization\"},\"image\":{\"@id\":\"https:\\\/\\\/international.nubank.com.br\\\/es\\\/compania\\\/nubank-anuncia-nubank-art-lab-el-espacio-de-arte-inmersivo-permanente-mas-grande-de-brasil\\\/#primaryimage\"},\"thumbnailUrl\":\"https:\\\/\\\/international.nubank.com.br\\\/wp-content\\\/uploads\\\/2026\\\/06\\\/01_ENTRADA_I_CONJ_NACIONAL_JA_R14-A.jpg\",\"keywords\":[\"Marketing\",\"Nubank Brasil\"],\"articleSection\":[\"Compa\u00f1\u00eda\"],\"inLanguage\":\"es\",\"potentialAction\":[{\"@type\":\"CommentAction\",\"name\":\"Comment\",\"target\":[\"https:\\\/\\\/international.nubank.com.br\\\/es\\\/compania\\\/nubank-anuncia-nubank-art-lab-el-espacio-de-arte-inmersivo-permanente-mas-grande-de-brasil\\\/#respond\"]}]},{\"@type\":\"WebPage\",\"@id\":\"https:\\\/\\\/international.nubank.com.br\\\/es\\\/compania\\\/nubank-anuncia-nubank-art-lab-el-espacio-de-arte-inmersivo-permanente-mas-grande-de-brasil\\\/\",\"url\":\"https:\\\/\\\/international.nubank.com.br\\\/es\\\/compania\\\/nubank-anuncia-nubank-art-lab-el-espacio-de-arte-inmersivo-permanente-mas-grande-de-brasil\\\/\",\"name\":\"Nubank anuncia Nubank Art Lab\",\"isPartOf\":{\"@id\":\"https:\\\/\\\/international.nubank.com.br\\\/es\\\/#website\"},\"primaryImageOfPage\":{\"@id\":\"https:\\\/\\\/international.nubank.com.br\\\/es\\\/compania\\\/nubank-anuncia-nubank-art-lab-el-espacio-de-arte-inmersivo-permanente-mas-grande-de-brasil\\\/#primaryimage\"},\"image\":{\"@id\":\"https:\\\/\\\/international.nubank.com.br\\\/es\\\/compania\\\/nubank-anuncia-nubank-art-lab-el-espacio-de-arte-inmersivo-permanente-mas-grande-de-brasil\\\/#primaryimage\"},\"thumbnailUrl\":\"https:\\\/\\\/international.nubank.com.br\\\/wp-content\\\/uploads\\\/2026\\\/06\\\/01_ENTRADA_I_CONJ_NACIONAL_JA_R14-A.jpg\",\"datePublished\":\"2026-06-09T12:30:00+00:00\",\"dateModified\":\"2026-06-23T21:51:35+00:00\",\"description\":\"El espacio ocupar\u00e1 2.700 m\u00b2 del edificio Conjunto Nacional en la Avenida Paulista de S\u00e3o Paulo, y su inauguraci\u00f3n tendr\u00e1 lugar en agosto con una nueva exposici\u00f3n de la obra de Tarsila do Amaral.\",\"breadcrumb\":{\"@id\":\"https:\\\/\\\/international.nubank.com.br\\\/es\\\/compania\\\/nubank-anuncia-nubank-art-lab-el-espacio-de-arte-inmersivo-permanente-mas-grande-de-brasil\\\/#breadcrumb\"},\"inLanguage\":\"es\",\"potentialAction\":[{\"@type\":\"ReadAction\",\"target\":[\"https:\\\/\\\/international.nubank.com.br\\\/es\\\/compania\\\/nubank-anuncia-nubank-art-lab-el-espacio-de-arte-inmersivo-permanente-mas-grande-de-brasil\\\/\"]}]},{\"@type\":\"ImageObject\",\"inLanguage\":\"es\",\"@id\":\"https:\\\/\\\/international.nubank.com.br\\\/es\\\/compania\\\/nubank-anuncia-nubank-art-lab-el-espacio-de-arte-inmersivo-permanente-mas-grande-de-brasil\\\/#primaryimage\",\"url\":\"https:\\\/\\\/international.nubank.com.br\\\/wp-content\\\/uploads\\\/2026\\\/06\\\/01_ENTRADA_I_CONJ_NACIONAL_JA_R14-A.jpg\",\"contentUrl\":\"https:\\\/\\\/international.nubank.com.br\\\/wp-content\\\/uploads\\\/2026\\\/06\\\/01_ENTRADA_I_CONJ_NACIONAL_JA_R14-A.jpg\",\"width\":3327,\"height\":853},{\"@type\":\"BreadcrumbList\",\"@id\":\"https:\\\/\\\/international.nubank.com.br\\\/es\\\/compania\\\/nubank-anuncia-nubank-art-lab-el-espacio-de-arte-inmersivo-permanente-mas-grande-de-brasil\\\/#breadcrumb\",\"itemListElement\":[{\"@type\":\"ListItem\",\"position\":1,\"name\":\"Home\",\"item\":\"https:\\\/\\\/international.nubank.com.br\\\/es\\\/\"},{\"@type\":\"ListItem\",\"position\":2,\"name\":\"Nubank anuncia Nubank Arte Lab, el espacio de arte inmersivo permanente m\u00e1s grande de Brasil\"}]},{\"@type\":\"WebSite\",\"@id\":\"https:\\\/\\\/international.nubank.com.br\\\/es\\\/#website\",\"url\":\"https:\\\/\\\/international.nubank.com.br\\\/es\\\/\",\"name\":\"Nu International\",\"description\":\"\",\"publisher\":{\"@id\":\"https:\\\/\\\/international.nubank.com.br\\\/es\\\/#organization\"},\"potentialAction\":[{\"@type\":\"SearchAction\",\"target\":{\"@type\":\"EntryPoint\",\"urlTemplate\":\"https:\\\/\\\/international.nubank.com.br\\\/es\\\/?s={search_term_string}\"},\"query-input\":{\"@type\":\"PropertyValueSpecification\",\"valueRequired\":true,\"valueName\":\"search_term_string\"}}],\"inLanguage\":\"es\"},{\"@type\":\"Organization\",\"@id\":\"https:\\\/\\\/international.nubank.com.br\\\/es\\\/#organization\",\"name\":\"Nu International\",\"url\":\"https:\\\/\\\/international.nubank.com.br\\\/es\\\/\",\"logo\":{\"@type\":\"ImageObject\",\"inLanguage\":\"es\",\"@id\":\"https:\\\/\\\/international.nubank.com.br\\\/es\\\/#\\\/schema\\\/logo\\\/image\\\/\",\"url\":\"https:\\\/\\\/international.nubank.com.br\\\/wp-content\\\/uploads\\\/2022\\\/08\\\/favicon.png\",\"contentUrl\":\"https:\\\/\\\/international.nubank.com.br\\\/wp-content\\\/uploads\\\/2022\\\/08\\\/favicon.png\",\"width\":512,\"height\":512,\"caption\":\"Nu International\"},\"image\":{\"@id\":\"https:\\\/\\\/international.nubank.com.br\\\/es\\\/#\\\/schema\\\/logo\\\/image\\\/\"}},{\"@type\":\"Person\",\"@id\":\"https:\\\/\\\/international.nubank.com.br\\\/es\\\/#\\\/schema\\\/person\\\/e009a42a62d319baac47e1481ec34303\",\"name\":\"julia.vieira@nubank.com.br\",\"image\":{\"@type\":\"ImageObject\",\"inLanguage\":\"es\",\"@id\":\"https:\\\/\\\/secure.gravatar.com\\\/avatar\\\/98452f611d991f37659e56b103c367601fc3621e061ecd5d86366181f72de70d?s=96&d=mm&r=g\",\"url\":\"https:\\\/\\\/secure.gravatar.com\\\/avatar\\\/98452f611d991f37659e56b103c367601fc3621e061ecd5d86366181f72de70d?s=96&d=mm&r=g\",\"contentUrl\":\"https:\\\/\\\/secure.gravatar.com\\\/avatar\\\/98452f611d991f37659e56b103c367601fc3621e061ecd5d86366181f72de70d?s=96&d=mm&r=g\",\"caption\":\"julia.vieira@nubank.com.br\"},\"url\":\"https:\\\/\\\/international.nubank.com.br\\\/es\\\/author\\\/julia-vieiranubank-com-br\\\/\"}]}<\/script>\n<!-- \/ Yoast SEO plugin. -->","yoast_head_json":{"title":"Nubank anuncia Nubank Art Lab","description":"El espacio ocupar\u00e1 2.700 m\u00b2 del edificio Conjunto Nacional en la Avenida Paulista de S\u00e3o Paulo, y su inauguraci\u00f3n tendr\u00e1 lugar en agosto con una nueva exposici\u00f3n de la obra de Tarsila do Amaral.","robots":{"index":"index","follow":"follow","max-snippet":"max-snippet:-1","max-image-preview":"max-image-preview:large","max-video-preview":"max-video-preview:-1"},"canonical":"https:\/\/international.nubank.com.br\/es\/compania\/nubank-anuncia-nubank-art-lab-el-espacio-de-arte-inmersivo-permanente-mas-grande-de-brasil\/","og_locale":"es_ES","og_type":"article","og_title":"Nubank anuncia Nubank Art Lab","og_description":"El espacio ocupar\u00e1 2.700 m\u00b2 del edificio Conjunto Nacional en la Avenida Paulista de S\u00e3o Paulo, y su inauguraci\u00f3n tendr\u00e1 lugar en agosto con una nueva exposici\u00f3n de la obra de Tarsila do Amaral.","og_url":"https:\/\/international.nubank.com.br\/es\/compania\/nubank-anuncia-nubank-art-lab-el-espacio-de-arte-inmersivo-permanente-mas-grande-de-brasil\/","og_site_name":"Nu International","article_published_time":"2026-06-09T12:30:00+00:00","article_modified_time":"2026-06-23T21:51:35+00:00","og_image":[{"width":1024,"height":263,"url":"https:\/\/international.nubank.com.br\/wp-content\/uploads\/2026\/06\/01_ENTRADA_I_CONJ_NACIONAL_JA_R14-A-1024x263.jpg","type":"image\/jpeg"}],"author":"julia.vieira@nubank.com.br","twitter_card":"summary_large_image","twitter_misc":{"Escrito por":"julia.vieira@nubank.com.br","Tiempo de lectura":"4 minutos"},"schema":{"@context":"https:\/\/schema.org","@graph":[{"@type":"NewsArticle","@id":"https:\/\/international.nubank.com.br\/es\/compania\/nubank-anuncia-nubank-art-lab-el-espacio-de-arte-inmersivo-permanente-mas-grande-de-brasil\/#article","isPartOf":{"@id":"https:\/\/international.nubank.com.br\/es\/compania\/nubank-anuncia-nubank-art-lab-el-espacio-de-arte-inmersivo-permanente-mas-grande-de-brasil\/"},"author":{"name":"julia.vieira@nubank.com.br","@id":"https:\/\/international.nubank.com.br\/es\/#\/schema\/person\/e009a42a62d319baac47e1481ec34303"},"headline":"Nubank anuncia Nubank Arte Lab, el espacio de arte inmersivo permanente m\u00e1s grande de Brasil","datePublished":"2026-06-09T12:30:00+00:00","dateModified":"2026-06-23T21:51:35+00:00","mainEntityOfPage":{"@id":"https:\/\/international.nubank.com.br\/es\/compania\/nubank-anuncia-nubank-art-lab-el-espacio-de-arte-inmersivo-permanente-mas-grande-de-brasil\/"},"wordCount":743,"commentCount":0,"publisher":{"@id":"https:\/\/international.nubank.com.br\/es\/#organization"},"image":{"@id":"https:\/\/international.nubank.com.br\/es\/compania\/nubank-anuncia-nubank-art-lab-el-espacio-de-arte-inmersivo-permanente-mas-grande-de-brasil\/#primaryimage"},"thumbnailUrl":"https:\/\/international.nubank.com.br\/wp-content\/uploads\/2026\/06\/01_ENTRADA_I_CONJ_NACIONAL_JA_R14-A.jpg","keywords":["Marketing","Nubank Brasil"],"articleSection":["Compa\u00f1\u00eda"],"inLanguage":"es","potentialAction":[{"@type":"CommentAction","name":"Comment","target":["https:\/\/international.nubank.com.br\/es\/compania\/nubank-anuncia-nubank-art-lab-el-espacio-de-arte-inmersivo-permanente-mas-grande-de-brasil\/#respond"]}]},{"@type":"WebPage","@id":"https:\/\/international.nubank.com.br\/es\/compania\/nubank-anuncia-nubank-art-lab-el-espacio-de-arte-inmersivo-permanente-mas-grande-de-brasil\/","url":"https:\/\/international.nubank.com.br\/es\/compania\/nubank-anuncia-nubank-art-lab-el-espacio-de-arte-inmersivo-permanente-mas-grande-de-brasil\/","name":"Nubank anuncia Nubank Art Lab","isPartOf":{"@id":"https:\/\/international.nubank.com.br\/es\/#website"},"primaryImageOfPage":{"@id":"https:\/\/international.nubank.com.br\/es\/compania\/nubank-anuncia-nubank-art-lab-el-espacio-de-arte-inmersivo-permanente-mas-grande-de-brasil\/#primaryimage"},"image":{"@id":"https:\/\/international.nubank.com.br\/es\/compania\/nubank-anuncia-nubank-art-lab-el-espacio-de-arte-inmersivo-permanente-mas-grande-de-brasil\/#primaryimage"},"thumbnailUrl":"https:\/\/international.nubank.com.br\/wp-content\/uploads\/2026\/06\/01_ENTRADA_I_CONJ_NACIONAL_JA_R14-A.jpg","datePublished":"2026-06-09T12:30:00+00:00","dateModified":"2026-06-23T21:51:35+00:00","description":"El espacio ocupar\u00e1 2.700 m\u00b2 del edificio Conjunto Nacional en la Avenida Paulista de S\u00e3o Paulo, y su inauguraci\u00f3n tendr\u00e1 lugar en agosto con una nueva exposici\u00f3n de la obra de Tarsila do Amaral.","breadcrumb":{"@id":"https:\/\/international.nubank.com.br\/es\/compania\/nubank-anuncia-nubank-art-lab-el-espacio-de-arte-inmersivo-permanente-mas-grande-de-brasil\/#breadcrumb"},"inLanguage":"es","potentialAction":[{"@type":"ReadAction","target":["https:\/\/international.nubank.com.br\/es\/compania\/nubank-anuncia-nubank-art-lab-el-espacio-de-arte-inmersivo-permanente-mas-grande-de-brasil\/"]}]},{"@type":"ImageObject","inLanguage":"es","@id":"https:\/\/international.nubank.com.br\/es\/compania\/nubank-anuncia-nubank-art-lab-el-espacio-de-arte-inmersivo-permanente-mas-grande-de-brasil\/#primaryimage","url":"https:\/\/international.nubank.com.br\/wp-content\/uploads\/2026\/06\/01_ENTRADA_I_CONJ_NACIONAL_JA_R14-A.jpg","contentUrl":"https:\/\/international.nubank.com.br\/wp-content\/uploads\/2026\/06\/01_ENTRADA_I_CONJ_NACIONAL_JA_R14-A.jpg","width":3327,"height":853},{"@type":"BreadcrumbList","@id":"https:\/\/international.nubank.com.br\/es\/compania\/nubank-anuncia-nubank-art-lab-el-espacio-de-arte-inmersivo-permanente-mas-grande-de-brasil\/#breadcrumb","itemListElement":[{"@type":"ListItem","position":1,"name":"Home","item":"https:\/\/international.nubank.com.br\/es\/"},{"@type":"ListItem","position":2,"name":"Nubank anuncia Nubank Arte Lab, el espacio de arte inmersivo permanente m\u00e1s grande de Brasil"}]},{"@type":"WebSite","@id":"https:\/\/international.nubank.com.br\/es\/#website","url":"https:\/\/international.nubank.com.br\/es\/","name":"Nu International","description":"","publisher":{"@id":"https:\/\/international.nubank.com.br\/es\/#organization"},"potentialAction":[{"@type":"SearchAction","target":{"@type":"EntryPoint","urlTemplate":"https:\/\/international.nubank.com.br\/es\/?s={search_term_string}"},"query-input":{"@type":"PropertyValueSpecification","valueRequired":true,"valueName":"search_term_string"}}],"inLanguage":"es"},{"@type":"Organization","@id":"https:\/\/international.nubank.com.br\/es\/#organization","name":"Nu International","url":"https:\/\/international.nubank.com.br\/es\/","logo":{"@type":"ImageObject","inLanguage":"es","@id":"https:\/\/international.nubank.com.br\/es\/#\/schema\/logo\/image\/","url":"https:\/\/international.nubank.com.br\/wp-content\/uploads\/2022\/08\/favicon.png","contentUrl":"https:\/\/international.nubank.com.br\/wp-content\/uploads\/2022\/08\/favicon.png","width":512,"height":512,"caption":"Nu International"},"image":{"@id":"https:\/\/international.nubank.com.br\/es\/#\/schema\/logo\/image\/"}},{"@type":"Person","@id":"https:\/\/international.nubank.com.br\/es\/#\/schema\/person\/e009a42a62d319baac47e1481ec34303","name":"julia.vieira@nubank.com.br","image":{"@type":"ImageObject","inLanguage":"es","@id":"https:\/\/secure.gravatar.com\/avatar\/98452f611d991f37659e56b103c367601fc3621e061ecd5d86366181f72de70d?s=96&d=mm&r=g","url":"https:\/\/secure.gravatar.com\/avatar\/98452f611d991f37659e56b103c367601fc3621e061ecd5d86366181f72de70d?s=96&d=mm&r=g","contentUrl":"https:\/\/secure.gravatar.com\/avatar\/98452f611d991f37659e56b103c367601fc3621e061ecd5d86366181f72de70d?s=96&d=mm&r=g","caption":"julia.vieira@nubank.com.br"},"url":"https:\/\/international.nubank.com.br\/es\/author\/julia-vieiranubank-com-br\/"}]}},"jetpack_shortlink":"https:\/\/wp.me\/peaOGT-6BQ","jetpack_featured_media_url":"https:\/\/international.nubank.com.br\/wp-content\/uploads\/2026\/06\/01_ENTRADA_I_CONJ_NACIONAL_JA_R14-A.jpg","_links":{"self":[{"href":"https:\/\/international.nubank.com.br\/es\/wp-json\/wp\/v2\/posts\/25410","targetHints":{"allow":["GET"]}}],"collection":[{"href":"https:\/\/international.nubank.com.br\/es\/wp-json\/wp\/v2\/posts"}],"about":[{"href":"https:\/\/international.nubank.com.br\/es\/wp-json\/wp\/v2\/types\/post"}],"author":[{"embeddable":true,"href":"https:\/\/international.nubank.com.br\/es\/wp-json\/wp\/v2\/users\/249510401"}],"replies":[{"embeddable":true,"href":"https:\/\/international.nubank.com.br\/es\/wp-json\/wp\/v2\/comments?post=25410"}],"version-history":[{"count":5,"href":"https:\/\/international.nubank.com.br\/es\/wp-json\/wp\/v2\/posts\/25410\/revisions"}],"predecessor-version":[{"id":25498,"href":"https:\/\/international.nubank.com.br\/es\/wp-json\/wp\/v2\/posts\/25410\/revisions\/25498"}],"wp:featuredmedia":[{"embeddable":true,"href":"https:\/\/international.nubank.com.br\/es\/wp-json\/wp\/v2\/media\/25290"}],"wp:attachment":[{"href":"https:\/\/international.nubank.com.br\/es\/wp-json\/wp\/v2\/media?parent=25410"}],"wp:term":[{"taxonomy":"category","embeddable":true,"href":"https:\/\/international.nubank.com.br\/es\/wp-json\/wp\/v2\/categories?post=25410"},{"taxonomy":"post_tag","embeddable":true,"href":"https:\/\/international.nubank.com.br\/es\/wp-json\/wp\/v2\/tags?post=25410"}],"curies":[{"name":"wp","href":"https:\/\/api.w.org\/{rel}","templated":true}]}}