{"id":6568,"date":"2023-03-06T12:02:04","date_gmt":"2023-03-06T15:02:04","guid":{"rendered":"https:\/\/international.nubank.com.br\/?p=6568"},"modified":"2023-03-06T12:16:17","modified_gmt":"2023-03-06T15:16:17","slug":"nubank-nombra-a-david-marcus-como-miembro-de-su-junta-directiva","status":"publish","type":"post","link":"https:\/\/international.nubank.com.br\/es\/compania\/nubank-nombra-a-david-marcus-como-miembro-de-su-junta-directiva\/","title":{"rendered":"Nubank nombra a David Marcus como miembro de su Junta Directiva"},"content":{"rendered":"\n<p><strong>S\u00e3o Paulo, 6 de Marzo, 2023 <\/strong>&#8211; Nubank, una de las plataformas financieras digitales m\u00e1s grandes del mundo, ha anunciado que David Marcus fue nombrado miembro de su Junta Directiva. Marcus es el CEO y cofundador de Lightspark y tiene una amplia carrera en posiciones de liderazgo en empresas tecnol\u00f3gicas como Meta y PayPal. Marcus tambi\u00e9n tiene un gran recorrido como emprendedor, con tres startups fundadas en las \u00faltimas tres d\u00e9cadas. Como miembro de la Junta, Marcus jugar\u00e1 un papel fundamental en Nubank, mientras la compa\u00f1\u00eda se expande en su estrategia multipa\u00eds, multiproducto y multisegmento.<\/p>\n\n\n\n<p>\u00abDavid tiene una impresionante carrera trabajando en la intersecci\u00f3n de los servicios financieros y la tecnolog\u00eda de consumo, moldeando el futuro de la industria. Trae perspectivas \u00fanicas sobre c\u00f3mo hacer crecer productos financieros y de consumo a una escala verdaderamente global, liderando proyectos como Messenger de Meta, que, bajo su direcci\u00f3n, creci\u00f3 hasta m\u00e1s de 1.500 millones de usuarios y tambi\u00e9n como presidente de PayPal. Estamos emocionados de dar la bienvenida a alguien con la experiencia de David en nuestra Junta Directiva, a medida que expandimos nuestra presencia en nuevos mercados y segmentos y seguimos impulsando la innovaci\u00f3n\u00bb, dijo David V\u00e9lez, CEO y fundador de Nubank.<\/p>\n\n\n\n<p>David Marcus es el CEO y cofundador de Lightspark, una empresa enfocada en la construcci\u00f3n de infraestructura para la red Lightning. M\u00e1s recientemente, lider\u00f3 todos los esfuerzos de pagos y criptomonedas en Meta (anteriormente Facebook), al cual se uni\u00f3 en 2014 para liderar Messenger, el cual llev\u00f3 de menos de 200 millones a m\u00e1s de 1.500 millones de usuarios mensuales. Previamente, fue presidente de PayPal. Como emprendedor, Marcus fund\u00f3 dos empresas en Europa y cre\u00f3 la compa\u00f1\u00eda de pagos m\u00f3viles Zong en Silicon Valley, la cual fue adquirida por PayPal en 2011.<\/p>\n\n\n\n<p>Marcus se une a Nubank en un momento en que la compa\u00f1\u00eda ha alcanzado casi 75 millones de clientes en Brasil, M\u00e9xico y Colombia, y present\u00f3 un trimestre r\u00e9cord con crecimiento en todas las m\u00e9tricas y un aumento significativo en las ganancias. Solo en Brasil, la compa\u00f1\u00eda vio crecer sus ingresos netos a $138 millones de d\u00f3lares en el \u00faltimo trimestre, con un ROE anualizado del 35%, entre los m\u00e1s altos de la industria, lo que demuestra el potencial de rentabilidad de nuestro modelo de negocio.<\/p>\n\n\n\n<p>\u00abNubank es una de las plataformas de servicios financieros digitales m\u00e1s grandes y de m\u00e1s r\u00e1pido crecimiento en todo el mundo. Lo que la compa\u00f1\u00eda ha logrado en la \u00faltima d\u00e9cada es indicativo de las emocionantes y significativas oportunidades de crecimiento que hay por delante. Estoy encantado de unirme a Nubank como miembro de su Junta Directiva y espero trabajar en estrecha colaboraci\u00f3n con todo el talentoso equipo y sus l\u00edderes\u00bb, sostuvo David Marcus.<\/p>\n\n\n\n<p>Adem\u00e1s de David Marcus, la <a href=\"https:\/\/www.investidores.nu\/en\/governance\/board-of-directors\/\" target=\"_blank\" rel=\"noreferrer noopener\">Junta Directiva de Nubank<\/a> est\u00e1 formada por Anita Sands, Daniel Goldberg, Doug Leone, Jacqueline Reses, Luis Alberto Moreno, Thuan Pham, Rog\u00e9rio Calder\u00f3n y David V\u00e9lez, presidente de la Junta.<\/p>\n","protected":false},"excerpt":{"rendered":"<p>Marcus es un emprendedor con d\u00e9cadas de experiencia en los sectores de servicios financieros y tecnolog\u00eda<\/p>\n","protected":false},"author":8,"featured_media":9854,"comment_status":"open","ping_status":"open","sticky":false,"template":"","format":"standard","meta":{"_acf_changed":false,"footnotes":""},"categories":[68],"tags":[],"class_list":["post-6568","post","type-post","status-publish","format-standard","has-post-thumbnail","hentry","category-compania"],"acf":[],"yoast_head":"<!-- This site is optimized with the Yoast SEO plugin v27.5 - https:\/\/yoast.com\/product\/yoast-seo-wordpress\/ -->\n<title>Nubank nombra a David Marcus como miembro de su Junta Directiva - Nu International<\/title>\n<meta name=\"robots\" content=\"index, follow, max-snippet:-1, max-image-preview:large, max-video-preview:-1\" \/>\n<link rel=\"canonical\" href=\"https:\/\/international.nubank.com.br\/es\/compania\/nubank-nombra-a-david-marcus-como-miembro-de-su-junta-directiva\/\" \/>\n<meta property=\"og:locale\" content=\"es_ES\" \/>\n<meta property=\"og:type\" content=\"article\" \/>\n<meta property=\"og:title\" content=\"Nubank nombra a David Marcus como miembro de su Junta Directiva - Nu International\" \/>\n<meta property=\"og:description\" content=\"Marcus es un emprendedor con d\u00e9cadas de experiencia en los sectores de servicios financieros y tecnolog\u00eda\" \/>\n<meta property=\"og:url\" content=\"https:\/\/international.nubank.com.br\/es\/compania\/nubank-nombra-a-david-marcus-como-miembro-de-su-junta-directiva\/\" \/>\n<meta property=\"og:site_name\" content=\"Nu International\" \/>\n<meta property=\"article:published_time\" content=\"2023-03-06T15:02:04+00:00\" \/>\n<meta property=\"article:modified_time\" content=\"2023-03-06T15:16:17+00:00\" \/>\n<meta property=\"og:image\" content=\"https:\/\/international.nubank.com.br\/wp-content\/uploads\/2023\/08\/Copy-of-NBK02875-1.jpg\" \/>\n\t<meta property=\"og:image:width\" content=\"2048\" \/>\n\t<meta property=\"og:image:height\" content=\"1365\" \/>\n\t<meta property=\"og:image:type\" content=\"image\/jpeg\" \/>\n<meta name=\"author\" content=\"nuluizapollo\" \/>\n<meta name=\"twitter:card\" content=\"summary_large_image\" \/>\n<meta name=\"twitter:label1\" content=\"Escrito por\" \/>\n\t<meta name=\"twitter:data1\" content=\"nuluizapollo\" \/>\n\t<meta name=\"twitter:label2\" content=\"Tiempo de lectura\" \/>\n\t<meta name=\"twitter:data2\" content=\"3 minutos\" \/>\n<script type=\"application\/ld+json\" class=\"yoast-schema-graph\">{\"@context\":\"https:\\\/\\\/schema.org\",\"@graph\":[{\"@type\":\"NewsArticle\",\"@id\":\"https:\\\/\\\/international.nubank.com.br\\\/es\\\/compania\\\/nubank-nombra-a-david-marcus-como-miembro-de-su-junta-directiva\\\/#article\",\"isPartOf\":{\"@id\":\"https:\\\/\\\/international.nubank.com.br\\\/es\\\/compania\\\/nubank-nombra-a-david-marcus-como-miembro-de-su-junta-directiva\\\/\"},\"author\":{\"name\":\"nuluizapollo\",\"@id\":\"https:\\\/\\\/international.nubank.com.br\\\/es\\\/#\\\/schema\\\/person\\\/44d6a2d02d9905ee515a6d545217cd88\"},\"headline\":\"Nubank nombra a David Marcus como miembro de su Junta Directiva\",\"datePublished\":\"2023-03-06T15:02:04+00:00\",\"dateModified\":\"2023-03-06T15:16:17+00:00\",\"mainEntityOfPage\":{\"@id\":\"https:\\\/\\\/international.nubank.com.br\\\/es\\\/compania\\\/nubank-nombra-a-david-marcus-como-miembro-de-su-junta-directiva\\\/\"},\"wordCount\":526,\"commentCount\":0,\"publisher\":{\"@id\":\"https:\\\/\\\/international.nubank.com.br\\\/es\\\/#organization\"},\"image\":{\"@id\":\"https:\\\/\\\/international.nubank.com.br\\\/es\\\/compania\\\/nubank-nombra-a-david-marcus-como-miembro-de-su-junta-directiva\\\/#primaryimage\"},\"thumbnailUrl\":\"https:\\\/\\\/international.nubank.com.br\\\/wp-content\\\/uploads\\\/2023\\\/08\\\/Copy-of-NBK02875-1.jpg\",\"articleSection\":[\"Compa\u00f1\u00eda\"],\"inLanguage\":\"es\",\"potentialAction\":[{\"@type\":\"CommentAction\",\"name\":\"Comment\",\"target\":[\"https:\\\/\\\/international.nubank.com.br\\\/es\\\/compania\\\/nubank-nombra-a-david-marcus-como-miembro-de-su-junta-directiva\\\/#respond\"]}]},{\"@type\":\"WebPage\",\"@id\":\"https:\\\/\\\/international.nubank.com.br\\\/es\\\/compania\\\/nubank-nombra-a-david-marcus-como-miembro-de-su-junta-directiva\\\/\",\"url\":\"https:\\\/\\\/international.nubank.com.br\\\/es\\\/compania\\\/nubank-nombra-a-david-marcus-como-miembro-de-su-junta-directiva\\\/\",\"name\":\"Nubank nombra a David Marcus como miembro de su Junta Directiva - Nu International\",\"isPartOf\":{\"@id\":\"https:\\\/\\\/international.nubank.com.br\\\/es\\\/#website\"},\"primaryImageOfPage\":{\"@id\":\"https:\\\/\\\/international.nubank.com.br\\\/es\\\/compania\\\/nubank-nombra-a-david-marcus-como-miembro-de-su-junta-directiva\\\/#primaryimage\"},\"image\":{\"@id\":\"https:\\\/\\\/international.nubank.com.br\\\/es\\\/compania\\\/nubank-nombra-a-david-marcus-como-miembro-de-su-junta-directiva\\\/#primaryimage\"},\"thumbnailUrl\":\"https:\\\/\\\/international.nubank.com.br\\\/wp-content\\\/uploads\\\/2023\\\/08\\\/Copy-of-NBK02875-1.jpg\",\"datePublished\":\"2023-03-06T15:02:04+00:00\",\"dateModified\":\"2023-03-06T15:16:17+00:00\",\"breadcrumb\":{\"@id\":\"https:\\\/\\\/international.nubank.com.br\\\/es\\\/compania\\\/nubank-nombra-a-david-marcus-como-miembro-de-su-junta-directiva\\\/#breadcrumb\"},\"inLanguage\":\"es\",\"potentialAction\":[{\"@type\":\"ReadAction\",\"target\":[\"https:\\\/\\\/international.nubank.com.br\\\/es\\\/compania\\\/nubank-nombra-a-david-marcus-como-miembro-de-su-junta-directiva\\\/\"]}]},{\"@type\":\"ImageObject\",\"inLanguage\":\"es\",\"@id\":\"https:\\\/\\\/international.nubank.com.br\\\/es\\\/compania\\\/nubank-nombra-a-david-marcus-como-miembro-de-su-junta-directiva\\\/#primaryimage\",\"url\":\"https:\\\/\\\/international.nubank.com.br\\\/wp-content\\\/uploads\\\/2023\\\/08\\\/Copy-of-NBK02875-1.jpg\",\"contentUrl\":\"https:\\\/\\\/international.nubank.com.br\\\/wp-content\\\/uploads\\\/2023\\\/08\\\/Copy-of-NBK02875-1.jpg\",\"width\":2048,\"height\":1365},{\"@type\":\"BreadcrumbList\",\"@id\":\"https:\\\/\\\/international.nubank.com.br\\\/es\\\/compania\\\/nubank-nombra-a-david-marcus-como-miembro-de-su-junta-directiva\\\/#breadcrumb\",\"itemListElement\":[{\"@type\":\"ListItem\",\"position\":1,\"name\":\"Home\",\"item\":\"https:\\\/\\\/international.nubank.com.br\\\/es\\\/\"},{\"@type\":\"ListItem\",\"position\":2,\"name\":\"Nubank nombra a David Marcus como miembro de su Junta Directiva\"}]},{\"@type\":\"WebSite\",\"@id\":\"https:\\\/\\\/international.nubank.com.br\\\/es\\\/#website\",\"url\":\"https:\\\/\\\/international.nubank.com.br\\\/es\\\/\",\"name\":\"Nu International\",\"description\":\"\",\"publisher\":{\"@id\":\"https:\\\/\\\/international.nubank.com.br\\\/es\\\/#organization\"},\"potentialAction\":[{\"@type\":\"SearchAction\",\"target\":{\"@type\":\"EntryPoint\",\"urlTemplate\":\"https:\\\/\\\/international.nubank.com.br\\\/es\\\/?s={search_term_string}\"},\"query-input\":{\"@type\":\"PropertyValueSpecification\",\"valueRequired\":true,\"valueName\":\"search_term_string\"}}],\"inLanguage\":\"es\"},{\"@type\":\"Organization\",\"@id\":\"https:\\\/\\\/international.nubank.com.br\\\/es\\\/#organization\",\"name\":\"Nu International\",\"url\":\"https:\\\/\\\/international.nubank.com.br\\\/es\\\/\",\"logo\":{\"@type\":\"ImageObject\",\"inLanguage\":\"es\",\"@id\":\"https:\\\/\\\/international.nubank.com.br\\\/es\\\/#\\\/schema\\\/logo\\\/image\\\/\",\"url\":\"https:\\\/\\\/international.nubank.com.br\\\/wp-content\\\/uploads\\\/2022\\\/08\\\/favicon.png\",\"contentUrl\":\"https:\\\/\\\/international.nubank.com.br\\\/wp-content\\\/uploads\\\/2022\\\/08\\\/favicon.png\",\"width\":512,\"height\":512,\"caption\":\"Nu International\"},\"image\":{\"@id\":\"https:\\\/\\\/international.nubank.com.br\\\/es\\\/#\\\/schema\\\/logo\\\/image\\\/\"}},{\"@type\":\"Person\",\"@id\":\"https:\\\/\\\/international.nubank.com.br\\\/es\\\/#\\\/schema\\\/person\\\/44d6a2d02d9905ee515a6d545217cd88\",\"name\":\"nuluizapollo\",\"image\":{\"@type\":\"ImageObject\",\"inLanguage\":\"es\",\"@id\":\"https:\\\/\\\/secure.gravatar.com\\\/avatar\\\/b1b108f8398da66e106b73733d76623a1f767363733ddf925bfbda4091ee8640?s=96&d=mm&r=g\",\"url\":\"https:\\\/\\\/secure.gravatar.com\\\/avatar\\\/b1b108f8398da66e106b73733d76623a1f767363733ddf925bfbda4091ee8640?s=96&d=mm&r=g\",\"contentUrl\":\"https:\\\/\\\/secure.gravatar.com\\\/avatar\\\/b1b108f8398da66e106b73733d76623a1f767363733ddf925bfbda4091ee8640?s=96&d=mm&r=g\",\"caption\":\"nuluizapollo\"},\"url\":\"https:\\\/\\\/international.nubank.com.br\\\/es\\\/author\\\/nuluizapollo\\\/\"}]}<\/script>\n<!-- \/ Yoast SEO plugin. -->","yoast_head_json":{"title":"Nubank nombra a David Marcus como miembro de su Junta Directiva - Nu International","robots":{"index":"index","follow":"follow","max-snippet":"max-snippet:-1","max-image-preview":"max-image-preview:large","max-video-preview":"max-video-preview:-1"},"canonical":"https:\/\/international.nubank.com.br\/es\/compania\/nubank-nombra-a-david-marcus-como-miembro-de-su-junta-directiva\/","og_locale":"es_ES","og_type":"article","og_title":"Nubank nombra a David Marcus como miembro de su Junta Directiva - Nu International","og_description":"Marcus es un emprendedor con d\u00e9cadas de experiencia en los sectores de servicios financieros y tecnolog\u00eda","og_url":"https:\/\/international.nubank.com.br\/es\/compania\/nubank-nombra-a-david-marcus-como-miembro-de-su-junta-directiva\/","og_site_name":"Nu International","article_published_time":"2023-03-06T15:02:04+00:00","article_modified_time":"2023-03-06T15:16:17+00:00","og_image":[{"width":2048,"height":1365,"url":"https:\/\/international.nubank.com.br\/wp-content\/uploads\/2023\/08\/Copy-of-NBK02875-1.jpg","type":"image\/jpeg"}],"author":"nuluizapollo","twitter_card":"summary_large_image","twitter_misc":{"Escrito por":"nuluizapollo","Tiempo de lectura":"3 minutos"},"schema":{"@context":"https:\/\/schema.org","@graph":[{"@type":"NewsArticle","@id":"https:\/\/international.nubank.com.br\/es\/compania\/nubank-nombra-a-david-marcus-como-miembro-de-su-junta-directiva\/#article","isPartOf":{"@id":"https:\/\/international.nubank.com.br\/es\/compania\/nubank-nombra-a-david-marcus-como-miembro-de-su-junta-directiva\/"},"author":{"name":"nuluizapollo","@id":"https:\/\/international.nubank.com.br\/es\/#\/schema\/person\/44d6a2d02d9905ee515a6d545217cd88"},"headline":"Nubank nombra a David Marcus como miembro de su Junta Directiva","datePublished":"2023-03-06T15:02:04+00:00","dateModified":"2023-03-06T15:16:17+00:00","mainEntityOfPage":{"@id":"https:\/\/international.nubank.com.br\/es\/compania\/nubank-nombra-a-david-marcus-como-miembro-de-su-junta-directiva\/"},"wordCount":526,"commentCount":0,"publisher":{"@id":"https:\/\/international.nubank.com.br\/es\/#organization"},"image":{"@id":"https:\/\/international.nubank.com.br\/es\/compania\/nubank-nombra-a-david-marcus-como-miembro-de-su-junta-directiva\/#primaryimage"},"thumbnailUrl":"https:\/\/international.nubank.com.br\/wp-content\/uploads\/2023\/08\/Copy-of-NBK02875-1.jpg","articleSection":["Compa\u00f1\u00eda"],"inLanguage":"es","potentialAction":[{"@type":"CommentAction","name":"Comment","target":["https:\/\/international.nubank.com.br\/es\/compania\/nubank-nombra-a-david-marcus-como-miembro-de-su-junta-directiva\/#respond"]}]},{"@type":"WebPage","@id":"https:\/\/international.nubank.com.br\/es\/compania\/nubank-nombra-a-david-marcus-como-miembro-de-su-junta-directiva\/","url":"https:\/\/international.nubank.com.br\/es\/compania\/nubank-nombra-a-david-marcus-como-miembro-de-su-junta-directiva\/","name":"Nubank nombra a David Marcus como miembro de su Junta Directiva - Nu International","isPartOf":{"@id":"https:\/\/international.nubank.com.br\/es\/#website"},"primaryImageOfPage":{"@id":"https:\/\/international.nubank.com.br\/es\/compania\/nubank-nombra-a-david-marcus-como-miembro-de-su-junta-directiva\/#primaryimage"},"image":{"@id":"https:\/\/international.nubank.com.br\/es\/compania\/nubank-nombra-a-david-marcus-como-miembro-de-su-junta-directiva\/#primaryimage"},"thumbnailUrl":"https:\/\/international.nubank.com.br\/wp-content\/uploads\/2023\/08\/Copy-of-NBK02875-1.jpg","datePublished":"2023-03-06T15:02:04+00:00","dateModified":"2023-03-06T15:16:17+00:00","breadcrumb":{"@id":"https:\/\/international.nubank.com.br\/es\/compania\/nubank-nombra-a-david-marcus-como-miembro-de-su-junta-directiva\/#breadcrumb"},"inLanguage":"es","potentialAction":[{"@type":"ReadAction","target":["https:\/\/international.nubank.com.br\/es\/compania\/nubank-nombra-a-david-marcus-como-miembro-de-su-junta-directiva\/"]}]},{"@type":"ImageObject","inLanguage":"es","@id":"https:\/\/international.nubank.com.br\/es\/compania\/nubank-nombra-a-david-marcus-como-miembro-de-su-junta-directiva\/#primaryimage","url":"https:\/\/international.nubank.com.br\/wp-content\/uploads\/2023\/08\/Copy-of-NBK02875-1.jpg","contentUrl":"https:\/\/international.nubank.com.br\/wp-content\/uploads\/2023\/08\/Copy-of-NBK02875-1.jpg","width":2048,"height":1365},{"@type":"BreadcrumbList","@id":"https:\/\/international.nubank.com.br\/es\/compania\/nubank-nombra-a-david-marcus-como-miembro-de-su-junta-directiva\/#breadcrumb","itemListElement":[{"@type":"ListItem","position":1,"name":"Home","item":"https:\/\/international.nubank.com.br\/es\/"},{"@type":"ListItem","position":2,"name":"Nubank nombra a David Marcus como miembro de su Junta Directiva"}]},{"@type":"WebSite","@id":"https:\/\/international.nubank.com.br\/es\/#website","url":"https:\/\/international.nubank.com.br\/es\/","name":"Nu International","description":"","publisher":{"@id":"https:\/\/international.nubank.com.br\/es\/#organization"},"potentialAction":[{"@type":"SearchAction","target":{"@type":"EntryPoint","urlTemplate":"https:\/\/international.nubank.com.br\/es\/?s={search_term_string}"},"query-input":{"@type":"PropertyValueSpecification","valueRequired":true,"valueName":"search_term_string"}}],"inLanguage":"es"},{"@type":"Organization","@id":"https:\/\/international.nubank.com.br\/es\/#organization","name":"Nu International","url":"https:\/\/international.nubank.com.br\/es\/","logo":{"@type":"ImageObject","inLanguage":"es","@id":"https:\/\/international.nubank.com.br\/es\/#\/schema\/logo\/image\/","url":"https:\/\/international.nubank.com.br\/wp-content\/uploads\/2022\/08\/favicon.png","contentUrl":"https:\/\/international.nubank.com.br\/wp-content\/uploads\/2022\/08\/favicon.png","width":512,"height":512,"caption":"Nu International"},"image":{"@id":"https:\/\/international.nubank.com.br\/es\/#\/schema\/logo\/image\/"}},{"@type":"Person","@id":"https:\/\/international.nubank.com.br\/es\/#\/schema\/person\/44d6a2d02d9905ee515a6d545217cd88","name":"nuluizapollo","image":{"@type":"ImageObject","inLanguage":"es","@id":"https:\/\/secure.gravatar.com\/avatar\/b1b108f8398da66e106b73733d76623a1f767363733ddf925bfbda4091ee8640?s=96&d=mm&r=g","url":"https:\/\/secure.gravatar.com\/avatar\/b1b108f8398da66e106b73733d76623a1f767363733ddf925bfbda4091ee8640?s=96&d=mm&r=g","contentUrl":"https:\/\/secure.gravatar.com\/avatar\/b1b108f8398da66e106b73733d76623a1f767363733ddf925bfbda4091ee8640?s=96&d=mm&r=g","caption":"nuluizapollo"},"url":"https:\/\/international.nubank.com.br\/es\/author\/nuluizapollo\/"}]}},"jetpack_featured_media_url":"https:\/\/international.nubank.com.br\/wp-content\/uploads\/2023\/08\/Copy-of-NBK02875-1.jpg","jetpack_shortlink":"https:\/\/wp.me\/peaOGT-1HW","_links":{"self":[{"href":"https:\/\/international.nubank.com.br\/es\/wp-json\/wp\/v2\/posts\/6568","targetHints":{"allow":["GET"]}}],"collection":[{"href":"https:\/\/international.nubank.com.br\/es\/wp-json\/wp\/v2\/posts"}],"about":[{"href":"https:\/\/international.nubank.com.br\/es\/wp-json\/wp\/v2\/types\/post"}],"author":[{"embeddable":true,"href":"https:\/\/international.nubank.com.br\/es\/wp-json\/wp\/v2\/users\/8"}],"replies":[{"embeddable":true,"href":"https:\/\/international.nubank.com.br\/es\/wp-json\/wp\/v2\/comments?post=6568"}],"version-history":[{"count":4,"href":"https:\/\/international.nubank.com.br\/es\/wp-json\/wp\/v2\/posts\/6568\/revisions"}],"predecessor-version":[{"id":6572,"href":"https:\/\/international.nubank.com.br\/es\/wp-json\/wp\/v2\/posts\/6568\/revisions\/6572"}],"wp:featuredmedia":[{"embeddable":true,"href":"https:\/\/international.nubank.com.br\/es\/wp-json\/wp\/v2\/media\/9854"}],"wp:attachment":[{"href":"https:\/\/international.nubank.com.br\/es\/wp-json\/wp\/v2\/media?parent=6568"}],"wp:term":[{"taxonomy":"category","embeddable":true,"href":"https:\/\/international.nubank.com.br\/es\/wp-json\/wp\/v2\/categories?post=6568"},{"taxonomy":"post_tag","embeddable":true,"href":"https:\/\/international.nubank.com.br\/es\/wp-json\/wp\/v2\/tags?post=6568"}],"curies":[{"name":"wp","href":"https:\/\/api.w.org\/{rel}","templated":true}]}}