{"id":14179,"date":"2024-05-13T13:23:52","date_gmt":"2024-05-13T16:23:52","guid":{"rendered":"https:\/\/international.nubank.com.br\/?p=14179"},"modified":"2026-03-02T14:49:24","modified_gmt":"2026-03-02T17:49:24","slug":"suzana-kubric-fala-da-cultura-do-nu-a-jornalistas-estrangeiros-em-visita-ao-brasil","status":"publish","type":"post","link":"https:\/\/international.nubank.com.br\/pt-br\/companhia\/suzana-kubric-fala-da-cultura-do-nu-a-jornalistas-estrangeiros-em-visita-ao-brasil\/","title":{"rendered":"Suzana Kubric fala da cultura do Nu a jornalistas estrangeiros em visita ao Brasil"},"content":{"rendered":"<div class=\"wp-block-image\">\n<figure class=\"aligncenter size-large\"><img loading=\"lazy\" decoding=\"async\" width=\"1024\" height=\"683\" src=\"https:\/\/international.nubank.com.br\/wp-content\/uploads\/2024\/05\/Suzana-Kubric.-Credito_-Reproducao-02-1024x683.jpg\" alt=\"Suzana Kubric, CHRO do Nubank\" class=\"wp-image-14374\" srcset=\"https:\/\/international.nubank.com.br\/wp-content\/uploads\/2024\/05\/Suzana-Kubric.-Credito_-Reproducao-02-1024x683.jpg 1024w, https:\/\/international.nubank.com.br\/wp-content\/uploads\/2024\/05\/Suzana-Kubric.-Credito_-Reproducao-02-300x200.jpg 300w, https:\/\/international.nubank.com.br\/wp-content\/uploads\/2024\/05\/Suzana-Kubric.-Credito_-Reproducao-02-768x512.jpg 768w, https:\/\/international.nubank.com.br\/wp-content\/uploads\/2024\/05\/Suzana-Kubric.-Credito_-Reproducao-02-1536x1025.jpg 1536w, https:\/\/international.nubank.com.br\/wp-content\/uploads\/2024\/05\/Suzana-Kubric.-Credito_-Reproducao-02-2048x1367.jpg 2048w\" sizes=\"auto, (max-width: 1024px) 100vw, 1024px\" \/><\/figure>\n<\/div>\n\n\n<p><strong>S\u00e3o Paulo, 13 de maio de 2024<\/strong> &#8211; Suzana Kubric, CHRO do Nubank, recebeu, nesta segunda-feira, 13 de maio, um grupo de jornalistas de Col\u00f4mbia e M\u00e9xico, como parte dos eventos relacionados \u00e0 marca de 100 milh\u00f5es de clientes alcan\u00e7ada pela institui\u00e7\u00e3o.<\/p>\n\n\n\n<p>Durante a apresenta\u00e7\u00e3o, a executiva compartilhou detalhes sobre a cultura e os valores que levaram a empresa \u00e0quilo que chamou de \u201cRevolu\u00e7\u00e3o Roxa\u201d.<\/p>\n\n\n\n<p>Kubric enfatizou que a cultura do Nubank \u00e9 a soma de 1) comportamento mais 2) talento, subtraindo-se a complexidade nos processos. \u201cO resultado dessa equa\u00e7\u00e3o para nossos colaboradores \u00e9: o melhor trabalho de suas vidas. Os Nubankers sentem que seu trabalho \u00e9 significativo e impactante.\u201d, destaca.<\/p>\n\n\n\n<p>Aos cerca de 30 presentes, a executiva ressaltou que os valores da companhia foram estabelecidos pelos fundadores antes mesmo do primeiro produto ser criado &#8211; a m\u00e1 experi\u00eancia de David V\u00e9lez com bancos no Brasil levou \u00e0 cria\u00e7\u00e3o do Nubank, que nasceu com a miss\u00e3o de combater a complexidade e empoderar as pessoas.<\/p>\n\n\n\n<p>\u201cSomos guiados pelo nosso valor principal, que \u00e9 o de conquistar clientes fan\u00e1ticos. Na sequ\u00eancia, outros quatro pontos completam: desafiar o status quo; agir com senso de propriedade; construir equipes fortes e diversas; buscar efici\u00eancia inteligente\u201d, enumera Kubric.<\/p>\n\n\n\n<p>Atualmente, s\u00e3o mais de 7 mil colaboradores, distribu\u00eddos por diferentes pa\u00edses (mais de cinco mil no Brasil), com quase quatro mil destes na \u00e1rea de tecnologia. Kubric acrescenta que Nubank conta hoje com cerca de <a href=\"https:\/\/international.nubank.com.br\/pt-br\/carreiras\/\" target=\"_blank\" rel=\"noreferrer noopener\">370 vagas abertas<\/a>, para \u00e1reas como Engenharia, An\u00e1lise de Neg\u00f3cios e Produto.<\/p>\n\n\n\n<p>\u201cPara iniciar uma carreira aqui, \u00e9 importante ser uma pessoa curiosa, proativa, ter habilidades t\u00e9cnicas e estar preparada para trabalhar em equipe\u201d afirma a executiva.<\/p>\n\n\n\n<p>Kubric concluiu sua apresenta\u00e7\u00e3o reiterando que o compromisso do Nubank em oferecer o melhor a seus clientes se espelha para sua pr\u00f3pria equipe: \u201cOferecemos um ambiente de trabalho din\u00e2mico, com pol\u00edticas de benef\u00edcios inovadoras e um modelo de trabalho h\u00edbrido. A empresa se esfor\u00e7a para fornecer programas de alto valor alinhados com sua cultura e atrair talentos de todo o mundo\u201d, finaliza.<\/p>\n","protected":false},"excerpt":{"rendered":"<p>Executiva perpassa pelos valores \u00e0 frente da \u201cRevolu\u00e7\u00e3o Roxa\u201d na Am\u00e9rica Latina<\/p>\n","protected":false},"author":1,"featured_media":13650,"comment_status":"open","ping_status":"closed","sticky":false,"template":"","format":"standard","meta":{"_acf_changed":false,"footnotes":""},"categories":[730,65],"tags":[189],"class_list":["post-14179","post","type-post","status-publish","format-standard","has-post-thumbnail","hentry","category-100m-pt-br","category-companhia","tag-nubank-brasil"],"acf":[],"yoast_head":"<!-- This site is optimized with the Yoast SEO plugin v27.4 - https:\/\/yoast.com\/product\/yoast-seo-wordpress\/ -->\n<title>Suzana Kubric fala da cultura do Nu a jornalistas estrangeiros<\/title>\n<meta name=\"description\" content=\"Executiva perpassa pelos valores \u00e0 frente da \u201cRevolu\u00e7\u00e3o Roxa\u201d na Am\u00e9rica Latina.\" \/>\n<meta name=\"robots\" content=\"index, follow, max-snippet:-1, max-image-preview:large, max-video-preview:-1\" \/>\n<link rel=\"canonical\" href=\"https:\/\/international.nubank.com.br\/pt-br\/companhia\/suzana-kubric-fala-da-cultura-do-nu-a-jornalistas-estrangeiros-em-visita-ao-brasil\/\" \/>\n<meta property=\"og:locale\" content=\"pt_BR\" \/>\n<meta property=\"og:type\" content=\"article\" \/>\n<meta property=\"og:title\" content=\"Suzana Kubric fala da cultura do Nu a jornalistas estrangeiros\" \/>\n<meta property=\"og:description\" content=\"Executiva perpassa pelos valores \u00e0 frente da \u201cRevolu\u00e7\u00e3o Roxa\u201d na Am\u00e9rica Latina.\" \/>\n<meta property=\"og:url\" content=\"https:\/\/international.nubank.com.br\/pt-br\/companhia\/suzana-kubric-fala-da-cultura-do-nu-a-jornalistas-estrangeiros-em-visita-ao-brasil\/\" \/>\n<meta property=\"og:site_name\" content=\"Nu International\" \/>\n<meta property=\"article:published_time\" content=\"2024-05-13T16:23:52+00:00\" \/>\n<meta property=\"article:modified_time\" content=\"2026-03-02T17:49:24+00:00\" \/>\n<meta property=\"og:image\" content=\"https:\/\/international.nubank.com.br\/wp-content\/uploads\/2024\/05\/1-1-1024x620.png\" \/>\n\t<meta property=\"og:image:width\" content=\"1024\" \/>\n\t<meta property=\"og:image:height\" content=\"620\" \/>\n\t<meta property=\"og:image:type\" content=\"image\/png\" \/>\n<meta name=\"author\" content=\"admin\" \/>\n<meta name=\"twitter:card\" content=\"summary_large_image\" \/>\n<meta name=\"twitter:label1\" content=\"Escrito por\" \/>\n\t<meta name=\"twitter:data1\" content=\"admin\" \/>\n\t<meta name=\"twitter:label2\" content=\"Est. tempo de leitura\" \/>\n\t<meta name=\"twitter:data2\" content=\"2 minutos\" \/>\n<script type=\"application\/ld+json\" class=\"yoast-schema-graph\">{\"@context\":\"https:\\\/\\\/schema.org\",\"@graph\":[{\"@type\":\"NewsArticle\",\"@id\":\"https:\\\/\\\/international.nubank.com.br\\\/pt-br\\\/companhia\\\/suzana-kubric-fala-da-cultura-do-nu-a-jornalistas-estrangeiros-em-visita-ao-brasil\\\/#article\",\"isPartOf\":{\"@id\":\"https:\\\/\\\/international.nubank.com.br\\\/pt-br\\\/companhia\\\/suzana-kubric-fala-da-cultura-do-nu-a-jornalistas-estrangeiros-em-visita-ao-brasil\\\/\"},\"author\":{\"name\":\"admin\",\"@id\":\"https:\\\/\\\/international.nubank.com.br\\\/pt-br\\\/#\\\/schema\\\/person\\\/95c0eaac2e74c250433234cb0073a83c\"},\"headline\":\"Suzana Kubric fala da cultura do Nu a jornalistas estrangeiros em visita ao Brasil\",\"datePublished\":\"2024-05-13T16:23:52+00:00\",\"dateModified\":\"2026-03-02T17:49:24+00:00\",\"mainEntityOfPage\":{\"@id\":\"https:\\\/\\\/international.nubank.com.br\\\/pt-br\\\/companhia\\\/suzana-kubric-fala-da-cultura-do-nu-a-jornalistas-estrangeiros-em-visita-ao-brasil\\\/\"},\"wordCount\":363,\"commentCount\":0,\"publisher\":{\"@id\":\"https:\\\/\\\/international.nubank.com.br\\\/pt-br\\\/#organization\"},\"image\":{\"@id\":\"https:\\\/\\\/international.nubank.com.br\\\/pt-br\\\/companhia\\\/suzana-kubric-fala-da-cultura-do-nu-a-jornalistas-estrangeiros-em-visita-ao-brasil\\\/#primaryimage\"},\"thumbnailUrl\":\"https:\\\/\\\/international.nubank.com.br\\\/wp-content\\\/uploads\\\/2024\\\/05\\\/1-1.png\",\"keywords\":[\"Nubank Brasil\"],\"articleSection\":[\"100m\",\"Companhia\"],\"inLanguage\":\"pt-BR\",\"potentialAction\":[{\"@type\":\"CommentAction\",\"name\":\"Comment\",\"target\":[\"https:\\\/\\\/international.nubank.com.br\\\/pt-br\\\/companhia\\\/suzana-kubric-fala-da-cultura-do-nu-a-jornalistas-estrangeiros-em-visita-ao-brasil\\\/#respond\"]}]},{\"@type\":\"WebPage\",\"@id\":\"https:\\\/\\\/international.nubank.com.br\\\/pt-br\\\/companhia\\\/suzana-kubric-fala-da-cultura-do-nu-a-jornalistas-estrangeiros-em-visita-ao-brasil\\\/\",\"url\":\"https:\\\/\\\/international.nubank.com.br\\\/pt-br\\\/companhia\\\/suzana-kubric-fala-da-cultura-do-nu-a-jornalistas-estrangeiros-em-visita-ao-brasil\\\/\",\"name\":\"Suzana Kubric fala da cultura do Nu a jornalistas estrangeiros\",\"isPartOf\":{\"@id\":\"https:\\\/\\\/international.nubank.com.br\\\/pt-br\\\/#website\"},\"primaryImageOfPage\":{\"@id\":\"https:\\\/\\\/international.nubank.com.br\\\/pt-br\\\/companhia\\\/suzana-kubric-fala-da-cultura-do-nu-a-jornalistas-estrangeiros-em-visita-ao-brasil\\\/#primaryimage\"},\"image\":{\"@id\":\"https:\\\/\\\/international.nubank.com.br\\\/pt-br\\\/companhia\\\/suzana-kubric-fala-da-cultura-do-nu-a-jornalistas-estrangeiros-em-visita-ao-brasil\\\/#primaryimage\"},\"thumbnailUrl\":\"https:\\\/\\\/international.nubank.com.br\\\/wp-content\\\/uploads\\\/2024\\\/05\\\/1-1.png\",\"datePublished\":\"2024-05-13T16:23:52+00:00\",\"dateModified\":\"2026-03-02T17:49:24+00:00\",\"description\":\"Executiva perpassa pelos valores \u00e0 frente da \u201cRevolu\u00e7\u00e3o Roxa\u201d na Am\u00e9rica Latina.\",\"breadcrumb\":{\"@id\":\"https:\\\/\\\/international.nubank.com.br\\\/pt-br\\\/companhia\\\/suzana-kubric-fala-da-cultura-do-nu-a-jornalistas-estrangeiros-em-visita-ao-brasil\\\/#breadcrumb\"},\"inLanguage\":\"pt-BR\",\"potentialAction\":[{\"@type\":\"ReadAction\",\"target\":[\"https:\\\/\\\/international.nubank.com.br\\\/pt-br\\\/companhia\\\/suzana-kubric-fala-da-cultura-do-nu-a-jornalistas-estrangeiros-em-visita-ao-brasil\\\/\"]}]},{\"@type\":\"ImageObject\",\"inLanguage\":\"pt-BR\",\"@id\":\"https:\\\/\\\/international.nubank.com.br\\\/pt-br\\\/companhia\\\/suzana-kubric-fala-da-cultura-do-nu-a-jornalistas-estrangeiros-em-visita-ao-brasil\\\/#primaryimage\",\"url\":\"https:\\\/\\\/international.nubank.com.br\\\/wp-content\\\/uploads\\\/2024\\\/05\\\/1-1.png\",\"contentUrl\":\"https:\\\/\\\/international.nubank.com.br\\\/wp-content\\\/uploads\\\/2024\\\/05\\\/1-1.png\",\"width\":2717,\"height\":1646},{\"@type\":\"BreadcrumbList\",\"@id\":\"https:\\\/\\\/international.nubank.com.br\\\/pt-br\\\/companhia\\\/suzana-kubric-fala-da-cultura-do-nu-a-jornalistas-estrangeiros-em-visita-ao-brasil\\\/#breadcrumb\",\"itemListElement\":[{\"@type\":\"ListItem\",\"position\":1,\"name\":\"Home\",\"item\":\"https:\\\/\\\/international.nubank.com.br\\\/pt-br\\\/\"},{\"@type\":\"ListItem\",\"position\":2,\"name\":\"Suzana Kubric fala da cultura do Nu a jornalistas estrangeiros em visita ao Brasil\"}]},{\"@type\":\"WebSite\",\"@id\":\"https:\\\/\\\/international.nubank.com.br\\\/pt-br\\\/#website\",\"url\":\"https:\\\/\\\/international.nubank.com.br\\\/pt-br\\\/\",\"name\":\"Nu International\",\"description\":\"\",\"publisher\":{\"@id\":\"https:\\\/\\\/international.nubank.com.br\\\/pt-br\\\/#organization\"},\"potentialAction\":[{\"@type\":\"SearchAction\",\"target\":{\"@type\":\"EntryPoint\",\"urlTemplate\":\"https:\\\/\\\/international.nubank.com.br\\\/pt-br\\\/?s={search_term_string}\"},\"query-input\":{\"@type\":\"PropertyValueSpecification\",\"valueRequired\":true,\"valueName\":\"search_term_string\"}}],\"inLanguage\":\"pt-BR\"},{\"@type\":\"Organization\",\"@id\":\"https:\\\/\\\/international.nubank.com.br\\\/pt-br\\\/#organization\",\"name\":\"Nu International\",\"url\":\"https:\\\/\\\/international.nubank.com.br\\\/pt-br\\\/\",\"logo\":{\"@type\":\"ImageObject\",\"inLanguage\":\"pt-BR\",\"@id\":\"https:\\\/\\\/international.nubank.com.br\\\/pt-br\\\/#\\\/schema\\\/logo\\\/image\\\/\",\"url\":\"https:\\\/\\\/international.nubank.com.br\\\/wp-content\\\/uploads\\\/2022\\\/08\\\/favicon.png\",\"contentUrl\":\"https:\\\/\\\/international.nubank.com.br\\\/wp-content\\\/uploads\\\/2022\\\/08\\\/favicon.png\",\"width\":512,\"height\":512,\"caption\":\"Nu International\"},\"image\":{\"@id\":\"https:\\\/\\\/international.nubank.com.br\\\/pt-br\\\/#\\\/schema\\\/logo\\\/image\\\/\"}},{\"@type\":\"Person\",\"@id\":\"https:\\\/\\\/international.nubank.com.br\\\/pt-br\\\/#\\\/schema\\\/person\\\/95c0eaac2e74c250433234cb0073a83c\",\"name\":\"admin\",\"image\":{\"@type\":\"ImageObject\",\"inLanguage\":\"pt-BR\",\"@id\":\"https:\\\/\\\/secure.gravatar.com\\\/avatar\\\/7dcb0cd247aa94896e665c337696a7be18d387a78d6d55b4854b7ff7d5925042?s=96&d=mm&r=g\",\"url\":\"https:\\\/\\\/secure.gravatar.com\\\/avatar\\\/7dcb0cd247aa94896e665c337696a7be18d387a78d6d55b4854b7ff7d5925042?s=96&d=mm&r=g\",\"contentUrl\":\"https:\\\/\\\/secure.gravatar.com\\\/avatar\\\/7dcb0cd247aa94896e665c337696a7be18d387a78d6d55b4854b7ff7d5925042?s=96&d=mm&r=g\",\"caption\":\"admin\"},\"sameAs\":[\"https:\\\/\\\/internationalnubank.wpcomstaging.com\"],\"url\":\"https:\\\/\\\/international.nubank.com.br\\\/pt-br\\\/author\\\/admin\\\/\"}]}<\/script>\n<!-- \/ Yoast SEO plugin. -->","yoast_head_json":{"title":"Suzana Kubric fala da cultura do Nu a jornalistas estrangeiros","description":"Executiva perpassa pelos valores \u00e0 frente da \u201cRevolu\u00e7\u00e3o Roxa\u201d na Am\u00e9rica Latina.","robots":{"index":"index","follow":"follow","max-snippet":"max-snippet:-1","max-image-preview":"max-image-preview:large","max-video-preview":"max-video-preview:-1"},"canonical":"https:\/\/international.nubank.com.br\/pt-br\/companhia\/suzana-kubric-fala-da-cultura-do-nu-a-jornalistas-estrangeiros-em-visita-ao-brasil\/","og_locale":"pt_BR","og_type":"article","og_title":"Suzana Kubric fala da cultura do Nu a jornalistas estrangeiros","og_description":"Executiva perpassa pelos valores \u00e0 frente da \u201cRevolu\u00e7\u00e3o Roxa\u201d na Am\u00e9rica Latina.","og_url":"https:\/\/international.nubank.com.br\/pt-br\/companhia\/suzana-kubric-fala-da-cultura-do-nu-a-jornalistas-estrangeiros-em-visita-ao-brasil\/","og_site_name":"Nu International","article_published_time":"2024-05-13T16:23:52+00:00","article_modified_time":"2026-03-02T17:49:24+00:00","og_image":[{"width":1024,"height":620,"url":"https:\/\/international.nubank.com.br\/wp-content\/uploads\/2024\/05\/1-1-1024x620.png","type":"image\/png"}],"author":"admin","twitter_card":"summary_large_image","twitter_misc":{"Escrito por":"admin","Est. tempo de leitura":"2 minutos"},"schema":{"@context":"https:\/\/schema.org","@graph":[{"@type":"NewsArticle","@id":"https:\/\/international.nubank.com.br\/pt-br\/companhia\/suzana-kubric-fala-da-cultura-do-nu-a-jornalistas-estrangeiros-em-visita-ao-brasil\/#article","isPartOf":{"@id":"https:\/\/international.nubank.com.br\/pt-br\/companhia\/suzana-kubric-fala-da-cultura-do-nu-a-jornalistas-estrangeiros-em-visita-ao-brasil\/"},"author":{"name":"admin","@id":"https:\/\/international.nubank.com.br\/pt-br\/#\/schema\/person\/95c0eaac2e74c250433234cb0073a83c"},"headline":"Suzana Kubric fala da cultura do Nu a jornalistas estrangeiros em visita ao Brasil","datePublished":"2024-05-13T16:23:52+00:00","dateModified":"2026-03-02T17:49:24+00:00","mainEntityOfPage":{"@id":"https:\/\/international.nubank.com.br\/pt-br\/companhia\/suzana-kubric-fala-da-cultura-do-nu-a-jornalistas-estrangeiros-em-visita-ao-brasil\/"},"wordCount":363,"commentCount":0,"publisher":{"@id":"https:\/\/international.nubank.com.br\/pt-br\/#organization"},"image":{"@id":"https:\/\/international.nubank.com.br\/pt-br\/companhia\/suzana-kubric-fala-da-cultura-do-nu-a-jornalistas-estrangeiros-em-visita-ao-brasil\/#primaryimage"},"thumbnailUrl":"https:\/\/international.nubank.com.br\/wp-content\/uploads\/2024\/05\/1-1.png","keywords":["Nubank Brasil"],"articleSection":["100m","Companhia"],"inLanguage":"pt-BR","potentialAction":[{"@type":"CommentAction","name":"Comment","target":["https:\/\/international.nubank.com.br\/pt-br\/companhia\/suzana-kubric-fala-da-cultura-do-nu-a-jornalistas-estrangeiros-em-visita-ao-brasil\/#respond"]}]},{"@type":"WebPage","@id":"https:\/\/international.nubank.com.br\/pt-br\/companhia\/suzana-kubric-fala-da-cultura-do-nu-a-jornalistas-estrangeiros-em-visita-ao-brasil\/","url":"https:\/\/international.nubank.com.br\/pt-br\/companhia\/suzana-kubric-fala-da-cultura-do-nu-a-jornalistas-estrangeiros-em-visita-ao-brasil\/","name":"Suzana Kubric fala da cultura do Nu a jornalistas estrangeiros","isPartOf":{"@id":"https:\/\/international.nubank.com.br\/pt-br\/#website"},"primaryImageOfPage":{"@id":"https:\/\/international.nubank.com.br\/pt-br\/companhia\/suzana-kubric-fala-da-cultura-do-nu-a-jornalistas-estrangeiros-em-visita-ao-brasil\/#primaryimage"},"image":{"@id":"https:\/\/international.nubank.com.br\/pt-br\/companhia\/suzana-kubric-fala-da-cultura-do-nu-a-jornalistas-estrangeiros-em-visita-ao-brasil\/#primaryimage"},"thumbnailUrl":"https:\/\/international.nubank.com.br\/wp-content\/uploads\/2024\/05\/1-1.png","datePublished":"2024-05-13T16:23:52+00:00","dateModified":"2026-03-02T17:49:24+00:00","description":"Executiva perpassa pelos valores \u00e0 frente da \u201cRevolu\u00e7\u00e3o Roxa\u201d na Am\u00e9rica Latina.","breadcrumb":{"@id":"https:\/\/international.nubank.com.br\/pt-br\/companhia\/suzana-kubric-fala-da-cultura-do-nu-a-jornalistas-estrangeiros-em-visita-ao-brasil\/#breadcrumb"},"inLanguage":"pt-BR","potentialAction":[{"@type":"ReadAction","target":["https:\/\/international.nubank.com.br\/pt-br\/companhia\/suzana-kubric-fala-da-cultura-do-nu-a-jornalistas-estrangeiros-em-visita-ao-brasil\/"]}]},{"@type":"ImageObject","inLanguage":"pt-BR","@id":"https:\/\/international.nubank.com.br\/pt-br\/companhia\/suzana-kubric-fala-da-cultura-do-nu-a-jornalistas-estrangeiros-em-visita-ao-brasil\/#primaryimage","url":"https:\/\/international.nubank.com.br\/wp-content\/uploads\/2024\/05\/1-1.png","contentUrl":"https:\/\/international.nubank.com.br\/wp-content\/uploads\/2024\/05\/1-1.png","width":2717,"height":1646},{"@type":"BreadcrumbList","@id":"https:\/\/international.nubank.com.br\/pt-br\/companhia\/suzana-kubric-fala-da-cultura-do-nu-a-jornalistas-estrangeiros-em-visita-ao-brasil\/#breadcrumb","itemListElement":[{"@type":"ListItem","position":1,"name":"Home","item":"https:\/\/international.nubank.com.br\/pt-br\/"},{"@type":"ListItem","position":2,"name":"Suzana Kubric fala da cultura do Nu a jornalistas estrangeiros em visita ao Brasil"}]},{"@type":"WebSite","@id":"https:\/\/international.nubank.com.br\/pt-br\/#website","url":"https:\/\/international.nubank.com.br\/pt-br\/","name":"Nu International","description":"","publisher":{"@id":"https:\/\/international.nubank.com.br\/pt-br\/#organization"},"potentialAction":[{"@type":"SearchAction","target":{"@type":"EntryPoint","urlTemplate":"https:\/\/international.nubank.com.br\/pt-br\/?s={search_term_string}"},"query-input":{"@type":"PropertyValueSpecification","valueRequired":true,"valueName":"search_term_string"}}],"inLanguage":"pt-BR"},{"@type":"Organization","@id":"https:\/\/international.nubank.com.br\/pt-br\/#organization","name":"Nu International","url":"https:\/\/international.nubank.com.br\/pt-br\/","logo":{"@type":"ImageObject","inLanguage":"pt-BR","@id":"https:\/\/international.nubank.com.br\/pt-br\/#\/schema\/logo\/image\/","url":"https:\/\/international.nubank.com.br\/wp-content\/uploads\/2022\/08\/favicon.png","contentUrl":"https:\/\/international.nubank.com.br\/wp-content\/uploads\/2022\/08\/favicon.png","width":512,"height":512,"caption":"Nu International"},"image":{"@id":"https:\/\/international.nubank.com.br\/pt-br\/#\/schema\/logo\/image\/"}},{"@type":"Person","@id":"https:\/\/international.nubank.com.br\/pt-br\/#\/schema\/person\/95c0eaac2e74c250433234cb0073a83c","name":"admin","image":{"@type":"ImageObject","inLanguage":"pt-BR","@id":"https:\/\/secure.gravatar.com\/avatar\/7dcb0cd247aa94896e665c337696a7be18d387a78d6d55b4854b7ff7d5925042?s=96&d=mm&r=g","url":"https:\/\/secure.gravatar.com\/avatar\/7dcb0cd247aa94896e665c337696a7be18d387a78d6d55b4854b7ff7d5925042?s=96&d=mm&r=g","contentUrl":"https:\/\/secure.gravatar.com\/avatar\/7dcb0cd247aa94896e665c337696a7be18d387a78d6d55b4854b7ff7d5925042?s=96&d=mm&r=g","caption":"admin"},"sameAs":["https:\/\/internationalnubank.wpcomstaging.com"],"url":"https:\/\/international.nubank.com.br\/pt-br\/author\/admin\/"}]}},"jetpack_featured_media_url":"https:\/\/international.nubank.com.br\/wp-content\/uploads\/2024\/05\/1-1.png","jetpack_shortlink":"https:\/\/wp.me\/peaOGT-3GH","_links":{"self":[{"href":"https:\/\/international.nubank.com.br\/pt-br\/wp-json\/wp\/v2\/posts\/14179","targetHints":{"allow":["GET"]}}],"collection":[{"href":"https:\/\/international.nubank.com.br\/pt-br\/wp-json\/wp\/v2\/posts"}],"about":[{"href":"https:\/\/international.nubank.com.br\/pt-br\/wp-json\/wp\/v2\/types\/post"}],"author":[{"embeddable":true,"href":"https:\/\/international.nubank.com.br\/pt-br\/wp-json\/wp\/v2\/users\/1"}],"replies":[{"embeddable":true,"href":"https:\/\/international.nubank.com.br\/pt-br\/wp-json\/wp\/v2\/comments?post=14179"}],"version-history":[{"count":4,"href":"https:\/\/international.nubank.com.br\/pt-br\/wp-json\/wp\/v2\/posts\/14179\/revisions"}],"predecessor-version":[{"id":14424,"href":"https:\/\/international.nubank.com.br\/pt-br\/wp-json\/wp\/v2\/posts\/14179\/revisions\/14424"}],"wp:featuredmedia":[{"embeddable":true,"href":"https:\/\/international.nubank.com.br\/pt-br\/wp-json\/wp\/v2\/media\/13650"}],"wp:attachment":[{"href":"https:\/\/international.nubank.com.br\/pt-br\/wp-json\/wp\/v2\/media?parent=14179"}],"wp:term":[{"taxonomy":"category","embeddable":true,"href":"https:\/\/international.nubank.com.br\/pt-br\/wp-json\/wp\/v2\/categories?post=14179"},{"taxonomy":"post_tag","embeddable":true,"href":"https:\/\/international.nubank.com.br\/pt-br\/wp-json\/wp\/v2\/tags?post=14179"}],"curies":[{"name":"wp","href":"https:\/\/api.w.org\/{rel}","templated":true}]}}