{"id":23409,"date":"2026-02-04T08:00:00","date_gmt":"2026-02-04T11:00:00","guid":{"rendered":"https:\/\/international.nubank.com.br\/?p=23409"},"modified":"2026-03-30T14:22:31","modified_gmt":"2026-03-30T17:22:31","slug":"nubank-anuncia-abertura-do-nu-cine-copan-em-sao-paulo","status":"publish","type":"post","link":"https:\/\/international.nubank.com.br\/pt-br\/consumidores\/nubank-anuncia-abertura-do-nu-cine-copan-em-sao-paulo\/","title":{"rendered":"Nubank anuncia abertura do Nu Cine Copan em S\u00e3o Paulo"},"content":{"rendered":"\n<p><strong>S\u00e3o Paulo, 04 de fevereiro de 2026 \u2013 <\/strong>O Nubank, uma das maiores plataformas digitais de servi\u00e7os financeiros do mundo, anuncia o patroc\u00ednio da reabertura do hist\u00f3rico Cine Copan, agora chamado Nu Cine Copan. Localizado no t\u00e9rreo do edif\u00edcio de mesmo nome e projetado por Oscar Niemeyer, o cinema voltar\u00e1 a operar ap\u00f3s quase quatro d\u00e9cadas de inatividade, devolvendo \u00e0 cidade de S\u00e3o Paulo um de seus marcos culturais mais emblem\u00e1ticos.<\/p>\n\n\n\n<p><\/p>\n\n\n\n<figure class=\"wp-block-image size-large\"><img loading=\"lazy\" decoding=\"async\" width=\"1024\" height=\"576\" src=\"https:\/\/international.nubank.com.br\/wp-content\/uploads\/2026\/02\/260101_Sala_Cinema_Lateral_Roxa_001-copia-1024x576.jpg\" alt=\"\" class=\"wp-image-23412\" srcset=\"https:\/\/international.nubank.com.br\/wp-content\/uploads\/2026\/02\/260101_Sala_Cinema_Lateral_Roxa_001-copia-1024x576.jpg 1024w, https:\/\/international.nubank.com.br\/wp-content\/uploads\/2026\/02\/260101_Sala_Cinema_Lateral_Roxa_001-copia-300x169.jpg 300w, https:\/\/international.nubank.com.br\/wp-content\/uploads\/2026\/02\/260101_Sala_Cinema_Lateral_Roxa_001-copia-768x432.jpg 768w, https:\/\/international.nubank.com.br\/wp-content\/uploads\/2026\/02\/260101_Sala_Cinema_Lateral_Roxa_001-copia-1536x864.jpg 1536w, https:\/\/international.nubank.com.br\/wp-content\/uploads\/2026\/02\/260101_Sala_Cinema_Lateral_Roxa_001-copia-2048x1152.jpg 2048w, https:\/\/international.nubank.com.br\/wp-content\/uploads\/2026\/02\/260101_Sala_Cinema_Lateral_Roxa_001-copia-1200x675.jpg 1200w\" sizes=\"auto, (max-width: 1024px) 100vw, 1024px\" \/><\/figure>\n\n\n\n<p><\/p>\n\n\n\n<p>A iniciativa tem a Viva do Brasil como parceira e refor\u00e7a a estrat\u00e9gia do Nubank de promover experi\u00eancias que v\u00e3o al\u00e9m de servi\u00e7os financeiros e estejam alinhadas aos desejos de seus clientes. Al\u00e9m do impacto simb\u00f3lico e cultural, o projeto tamb\u00e9m representa um investimento na recupera\u00e7\u00e3o do centro de S\u00e3o Paulo e reflete o compromisso de gerar valor para os habitantes da cidade que abriga sua sede.&nbsp;<\/p>\n\n\n\n<p>\u201cS\u00e3o Paulo \u00e9 a cidade onde o Nubank nasceu, 12 anos atr\u00e1s. Apoiar a reabertura do agora Nu Cine Copan \u00e9 um movimento que une o reconhecimento dos nossos clientes ao desejo de ampliar nosso impacto positivo, devolvendo aos paulistanos um espa\u00e7o de encontro, arte e cultura. Queremos que o cliente Nu se sinta parte dessa hist\u00f3ria\u201d, afirma Juliana Roschel, CMO do Nubank.<\/p>\n\n\n\n<p>Para Jos\u00e9 Arag\u00e3o, CEO da Viva do Brasil, o projeto representa um gesto que vai muito al\u00e9m da obra f\u00edsica: \u201cReabrir o Cine Copan \u00e9 mais do que restaurar um cinema. \u00c9 devolver \u00e0 cidade uma parte de si mesma. Cada camada deste edif\u00edcio carrega hist\u00f3rias de quem o viveu e de quem sonhou com ele. Agora, queremos que esse espa\u00e7o volte a pulsar como ponto de encontro, arte e pertencimento para todos.\u201d<\/p>\n\n\n\n<h2 class=\"wp-block-heading\"><strong>O novo Nu Cine Copan<\/strong><\/h2>\n\n\n\n<p>O renascimento do Nu Cine Copan ter\u00e1 sua primeira fase entre fevereiro e abril de 2026, quando o p\u00fablico ser\u00e1 convidado a ocupar o local em seu estado atual de transi\u00e7\u00e3o. Nesse per\u00edodo, o espa\u00e7o recebe o espet\u00e1culo \u201cHamlet, sonhos que vir\u00e3o<strong>\u201d<\/strong>, com o ator Gabriel Leone no papel principal, dire\u00e7\u00e3o de Rafael Gomes, em uma temporada de 69 sess\u00f5es, de quarta a domingo. O figurino ficar\u00e1 por conta de Alexandre Herchcovitch, dire\u00e7\u00e3o musical de Ant\u00f4nio Pinto e fotografia de divulga\u00e7\u00e3o de Bob Wolfenson.<\/p>\n\n\n\n<p>A partir de maio de 2026, t\u00eam in\u00edcio as obras civis e instala\u00e7\u00f5es, que seguem at\u00e9 junho de 2027, requalificando acessos, foyer, sala de proje\u00e7\u00e3o e \u00e1reas de conviv\u00eancia e acessibilidade. Na sequ\u00eancia, o Nu Cine Copan ser\u00e1 reinaugurado como cinema multiuso e espa\u00e7o de alto impacto para o audiovisual brasileiro, preparado para receber festivais, lan\u00e7amentos especiais, sess\u00f5es comentadas, encontros com artistas e eventos.<\/p>\n\n\n\n<p>O Nu Cine Copan far\u00e1 parte de um complexo, com acessos pelo boulevard, gastronomia, bar, loja e espa\u00e7os para confer\u00eancias e eventos. Como parte do patroc\u00ednio, os mais de 112 milh\u00f5es de clientes do Nubank no Brasil ter\u00e3o acesso a benef\u00edcios exclusivos no Nu Cine Copan, entre eles a compra de ingresso meia-entrada em todas as sess\u00f5es.<\/p>\n\n\n\n<p>Projetado para ser uma nova refer\u00eancia em cinema, o Nu Cine Copan contar\u00e1 com cerca de 440 assentos, tela LED de 17 metros de largura, associada a um sistema de som Dolby Atmos de \u00faltima gera\u00e7\u00e3o, capazes de oferecer n\u00edveis in\u00e9ditos de brilho, contraste, fidelidade sonora e imers\u00e3o sensorial.<\/p>\n\n\n\n<p>Os recursos para a viabiliza\u00e7\u00e3o t\u00eam origem mista, com investimentos privados da Viva do Brasil e de patroc\u00ednio do Nubank, via leis de incentivo \u00e0 cultura e programas culturais.<\/p>\n\n\n\n<h2 class=\"wp-block-heading\"><strong>Eixo cultural no centro de S\u00e3o Paulo<\/strong><\/h2>\n\n\n\n<p>Inaugurado em 1970, o Cine Copan acompanhou a expans\u00e3o dos cinemas de rua na capital e j\u00e1 nasceu com voca\u00e7\u00e3o de \u00edcone. A imprensa da \u00e9poca destacava o arrojo, a beleza arquitet\u00f4nica e o car\u00e1ter luxuoso do cinema.<\/p>\n\n\n\n<p>Agora, o Nu Cine Copan consolida um projeto cultural mais amplo j\u00e1 em curso no edif\u00edcio Copan, onde o Piv\u00f4 atua h\u00e1 mais de 15 anos administrando o mezanino &#8211; o espa\u00e7o onde fica o foyer. Fundado em 2012, o Piv\u00f4 \u00e9 uma institui\u00e7\u00e3o dedicada \u00e0 arte contempor\u00e2nea, pesquisa e experimenta\u00e7\u00e3o cultural, sendo um parceiro da Viva do Brasil e do Nubank nesse projeto.<\/p>\n\n\n\n<p>Juntos, Nu Cine Copan e Piv\u00f4 ampliam o eixo cultural no centro de S\u00e3o Paulo e viabilizam a retomada do projeto original do foyer, previsto no desenho de Oscar Niemeyer, agora plenamente integrado ao cinema. Os 1.500 m\u00b2 do espa\u00e7o passam, pela primeira vez, a operar de forma integrada, recuperando seu uso original como \u00e1rea de circula\u00e7\u00e3o, encontro e conviv\u00eancia.<\/p>\n\n\n\n<p>Ao devolver o cinema ao seu uso original, o Nubank e a Viva do Brasil reafirmam o compromisso com a democratiza\u00e7\u00e3o do acesso \u00e0 cultura, a valoriza\u00e7\u00e3o de patrim\u00f4nios sociais e culturais e a cria\u00e7\u00e3o de espa\u00e7os acolhedores, plurais e marcantes.<\/p>\n","protected":false},"excerpt":{"rendered":"<p>Viva do Brasil \u00e9 parceira no projeto e respons\u00e1vel pela revitaliza\u00e7\u00e3o do marco arquitet\u00f4nico de Oscar Niemeyer<\/p>\n","protected":false},"author":249510401,"featured_media":23412,"comment_status":"open","ping_status":"closed","sticky":false,"template":"","format":"standard","meta":{"_acf_changed":false,"footnotes":""},"categories":[66],"tags":[587,189],"class_list":["post-23409","post","type-post","status-publish","format-standard","has-post-thumbnail","hentry","category-consumidores","tag-marketing-pt-br","tag-nubank-brasil"],"acf":[],"yoast_head":"<!-- This site is optimized with the Yoast SEO plugin v27.4 - https:\/\/yoast.com\/product\/yoast-seo-wordpress\/ -->\n<title>Nubank anuncia abertura do Nu Cine Copan em S\u00e3o Paulo - Nu International<\/title>\n<meta name=\"robots\" content=\"index, follow, max-snippet:-1, max-image-preview:large, max-video-preview:-1\" \/>\n<link rel=\"canonical\" href=\"https:\/\/international.nubank.com.br\/pt-br\/consumidores\/nubank-anuncia-abertura-do-nu-cine-copan-em-sao-paulo\/\" \/>\n<meta property=\"og:locale\" content=\"pt_BR\" \/>\n<meta property=\"og:type\" content=\"article\" \/>\n<meta property=\"og:title\" content=\"Nubank anuncia abertura do Nu Cine Copan em S\u00e3o Paulo - Nu International\" \/>\n<meta property=\"og:description\" content=\"Viva do Brasil \u00e9 parceira no projeto e respons\u00e1vel pela revitaliza\u00e7\u00e3o do marco arquitet\u00f4nico de Oscar Niemeyer\" \/>\n<meta property=\"og:url\" content=\"https:\/\/international.nubank.com.br\/pt-br\/consumidores\/nubank-anuncia-abertura-do-nu-cine-copan-em-sao-paulo\/\" \/>\n<meta property=\"og:site_name\" content=\"Nu International\" \/>\n<meta property=\"article:published_time\" content=\"2026-02-04T11:00:00+00:00\" \/>\n<meta property=\"article:modified_time\" content=\"2026-03-30T17:22:31+00:00\" \/>\n<meta property=\"og:image\" content=\"https:\/\/international.nubank.com.br\/wp-content\/uploads\/2026\/02\/260101_Sala_Cinema_Lateral_Roxa_001-copia-1024x576.jpg\" \/>\n\t<meta property=\"og:image:width\" content=\"1024\" \/>\n\t<meta property=\"og:image:height\" content=\"576\" \/>\n\t<meta property=\"og:image:type\" content=\"image\/jpeg\" \/>\n<meta name=\"author\" content=\"julia.vieira@nubank.com.br\" \/>\n<meta name=\"twitter:card\" content=\"summary_large_image\" \/>\n<meta name=\"twitter:label1\" content=\"Escrito por\" \/>\n\t<meta name=\"twitter:data1\" content=\"julia.vieira@nubank.com.br\" \/>\n\t<meta name=\"twitter:label2\" content=\"Est. tempo de leitura\" \/>\n\t<meta name=\"twitter:data2\" content=\"4 minutos\" \/>\n<script type=\"application\/ld+json\" class=\"yoast-schema-graph\">{\"@context\":\"https:\\\/\\\/schema.org\",\"@graph\":[{\"@type\":\"NewsArticle\",\"@id\":\"https:\\\/\\\/international.nubank.com.br\\\/pt-br\\\/consumidores\\\/nubank-anuncia-abertura-do-nu-cine-copan-em-sao-paulo\\\/#article\",\"isPartOf\":{\"@id\":\"https:\\\/\\\/international.nubank.com.br\\\/pt-br\\\/consumidores\\\/nubank-anuncia-abertura-do-nu-cine-copan-em-sao-paulo\\\/\"},\"author\":{\"name\":\"julia.vieira@nubank.com.br\",\"@id\":\"https:\\\/\\\/international.nubank.com.br\\\/pt-br\\\/#\\\/schema\\\/person\\\/e009a42a62d319baac47e1481ec34303\"},\"headline\":\"Nubank anuncia abertura do Nu Cine Copan em S\u00e3o Paulo\",\"datePublished\":\"2026-02-04T11:00:00+00:00\",\"dateModified\":\"2026-03-30T17:22:31+00:00\",\"mainEntityOfPage\":{\"@id\":\"https:\\\/\\\/international.nubank.com.br\\\/pt-br\\\/consumidores\\\/nubank-anuncia-abertura-do-nu-cine-copan-em-sao-paulo\\\/\"},\"wordCount\":844,\"commentCount\":0,\"publisher\":{\"@id\":\"https:\\\/\\\/international.nubank.com.br\\\/pt-br\\\/#organization\"},\"image\":{\"@id\":\"https:\\\/\\\/international.nubank.com.br\\\/pt-br\\\/consumidores\\\/nubank-anuncia-abertura-do-nu-cine-copan-em-sao-paulo\\\/#primaryimage\"},\"thumbnailUrl\":\"https:\\\/\\\/international.nubank.com.br\\\/wp-content\\\/uploads\\\/2026\\\/02\\\/260101_Sala_Cinema_Lateral_Roxa_001-copia.jpg\",\"keywords\":[\"Marketing\",\"Nubank Brasil\"],\"articleSection\":[\"Consumidores\"],\"inLanguage\":\"pt-BR\",\"potentialAction\":[{\"@type\":\"CommentAction\",\"name\":\"Comment\",\"target\":[\"https:\\\/\\\/international.nubank.com.br\\\/pt-br\\\/consumidores\\\/nubank-anuncia-abertura-do-nu-cine-copan-em-sao-paulo\\\/#respond\"]}]},{\"@type\":\"WebPage\",\"@id\":\"https:\\\/\\\/international.nubank.com.br\\\/pt-br\\\/consumidores\\\/nubank-anuncia-abertura-do-nu-cine-copan-em-sao-paulo\\\/\",\"url\":\"https:\\\/\\\/international.nubank.com.br\\\/pt-br\\\/consumidores\\\/nubank-anuncia-abertura-do-nu-cine-copan-em-sao-paulo\\\/\",\"name\":\"Nubank anuncia abertura do Nu Cine Copan em S\u00e3o Paulo - Nu International\",\"isPartOf\":{\"@id\":\"https:\\\/\\\/international.nubank.com.br\\\/pt-br\\\/#website\"},\"primaryImageOfPage\":{\"@id\":\"https:\\\/\\\/international.nubank.com.br\\\/pt-br\\\/consumidores\\\/nubank-anuncia-abertura-do-nu-cine-copan-em-sao-paulo\\\/#primaryimage\"},\"image\":{\"@id\":\"https:\\\/\\\/international.nubank.com.br\\\/pt-br\\\/consumidores\\\/nubank-anuncia-abertura-do-nu-cine-copan-em-sao-paulo\\\/#primaryimage\"},\"thumbnailUrl\":\"https:\\\/\\\/international.nubank.com.br\\\/wp-content\\\/uploads\\\/2026\\\/02\\\/260101_Sala_Cinema_Lateral_Roxa_001-copia.jpg\",\"datePublished\":\"2026-02-04T11:00:00+00:00\",\"dateModified\":\"2026-03-30T17:22:31+00:00\",\"breadcrumb\":{\"@id\":\"https:\\\/\\\/international.nubank.com.br\\\/pt-br\\\/consumidores\\\/nubank-anuncia-abertura-do-nu-cine-copan-em-sao-paulo\\\/#breadcrumb\"},\"inLanguage\":\"pt-BR\",\"potentialAction\":[{\"@type\":\"ReadAction\",\"target\":[\"https:\\\/\\\/international.nubank.com.br\\\/pt-br\\\/consumidores\\\/nubank-anuncia-abertura-do-nu-cine-copan-em-sao-paulo\\\/\"]}]},{\"@type\":\"ImageObject\",\"inLanguage\":\"pt-BR\",\"@id\":\"https:\\\/\\\/international.nubank.com.br\\\/pt-br\\\/consumidores\\\/nubank-anuncia-abertura-do-nu-cine-copan-em-sao-paulo\\\/#primaryimage\",\"url\":\"https:\\\/\\\/international.nubank.com.br\\\/wp-content\\\/uploads\\\/2026\\\/02\\\/260101_Sala_Cinema_Lateral_Roxa_001-copia.jpg\",\"contentUrl\":\"https:\\\/\\\/international.nubank.com.br\\\/wp-content\\\/uploads\\\/2026\\\/02\\\/260101_Sala_Cinema_Lateral_Roxa_001-copia.jpg\",\"width\":4320,\"height\":2430},{\"@type\":\"BreadcrumbList\",\"@id\":\"https:\\\/\\\/international.nubank.com.br\\\/pt-br\\\/consumidores\\\/nubank-anuncia-abertura-do-nu-cine-copan-em-sao-paulo\\\/#breadcrumb\",\"itemListElement\":[{\"@type\":\"ListItem\",\"position\":1,\"name\":\"Home\",\"item\":\"https:\\\/\\\/international.nubank.com.br\\\/pt-br\\\/\"},{\"@type\":\"ListItem\",\"position\":2,\"name\":\"Nubank anuncia abertura do Nu Cine Copan em S\u00e3o Paulo\"}]},{\"@type\":\"WebSite\",\"@id\":\"https:\\\/\\\/international.nubank.com.br\\\/pt-br\\\/#website\",\"url\":\"https:\\\/\\\/international.nubank.com.br\\\/pt-br\\\/\",\"name\":\"Nu International\",\"description\":\"\",\"publisher\":{\"@id\":\"https:\\\/\\\/international.nubank.com.br\\\/pt-br\\\/#organization\"},\"potentialAction\":[{\"@type\":\"SearchAction\",\"target\":{\"@type\":\"EntryPoint\",\"urlTemplate\":\"https:\\\/\\\/international.nubank.com.br\\\/pt-br\\\/?s={search_term_string}\"},\"query-input\":{\"@type\":\"PropertyValueSpecification\",\"valueRequired\":true,\"valueName\":\"search_term_string\"}}],\"inLanguage\":\"pt-BR\"},{\"@type\":\"Organization\",\"@id\":\"https:\\\/\\\/international.nubank.com.br\\\/pt-br\\\/#organization\",\"name\":\"Nu International\",\"url\":\"https:\\\/\\\/international.nubank.com.br\\\/pt-br\\\/\",\"logo\":{\"@type\":\"ImageObject\",\"inLanguage\":\"pt-BR\",\"@id\":\"https:\\\/\\\/international.nubank.com.br\\\/pt-br\\\/#\\\/schema\\\/logo\\\/image\\\/\",\"url\":\"https:\\\/\\\/international.nubank.com.br\\\/wp-content\\\/uploads\\\/2022\\\/08\\\/favicon.png\",\"contentUrl\":\"https:\\\/\\\/international.nubank.com.br\\\/wp-content\\\/uploads\\\/2022\\\/08\\\/favicon.png\",\"width\":512,\"height\":512,\"caption\":\"Nu International\"},\"image\":{\"@id\":\"https:\\\/\\\/international.nubank.com.br\\\/pt-br\\\/#\\\/schema\\\/logo\\\/image\\\/\"}},{\"@type\":\"Person\",\"@id\":\"https:\\\/\\\/international.nubank.com.br\\\/pt-br\\\/#\\\/schema\\\/person\\\/e009a42a62d319baac47e1481ec34303\",\"name\":\"julia.vieira@nubank.com.br\",\"image\":{\"@type\":\"ImageObject\",\"inLanguage\":\"pt-BR\",\"@id\":\"https:\\\/\\\/secure.gravatar.com\\\/avatar\\\/98452f611d991f37659e56b103c367601fc3621e061ecd5d86366181f72de70d?s=96&d=mm&r=g\",\"url\":\"https:\\\/\\\/secure.gravatar.com\\\/avatar\\\/98452f611d991f37659e56b103c367601fc3621e061ecd5d86366181f72de70d?s=96&d=mm&r=g\",\"contentUrl\":\"https:\\\/\\\/secure.gravatar.com\\\/avatar\\\/98452f611d991f37659e56b103c367601fc3621e061ecd5d86366181f72de70d?s=96&d=mm&r=g\",\"caption\":\"julia.vieira@nubank.com.br\"},\"url\":\"https:\\\/\\\/international.nubank.com.br\\\/pt-br\\\/author\\\/julia-vieiranubank-com-br\\\/\"}]}<\/script>\n<!-- \/ Yoast SEO plugin. -->","yoast_head_json":{"title":"Nubank anuncia abertura do Nu Cine Copan em S\u00e3o Paulo - Nu International","robots":{"index":"index","follow":"follow","max-snippet":"max-snippet:-1","max-image-preview":"max-image-preview:large","max-video-preview":"max-video-preview:-1"},"canonical":"https:\/\/international.nubank.com.br\/pt-br\/consumidores\/nubank-anuncia-abertura-do-nu-cine-copan-em-sao-paulo\/","og_locale":"pt_BR","og_type":"article","og_title":"Nubank anuncia abertura do Nu Cine Copan em S\u00e3o Paulo - Nu International","og_description":"Viva do Brasil \u00e9 parceira no projeto e respons\u00e1vel pela revitaliza\u00e7\u00e3o do marco arquitet\u00f4nico de Oscar Niemeyer","og_url":"https:\/\/international.nubank.com.br\/pt-br\/consumidores\/nubank-anuncia-abertura-do-nu-cine-copan-em-sao-paulo\/","og_site_name":"Nu International","article_published_time":"2026-02-04T11:00:00+00:00","article_modified_time":"2026-03-30T17:22:31+00:00","og_image":[{"width":1024,"height":576,"url":"https:\/\/international.nubank.com.br\/wp-content\/uploads\/2026\/02\/260101_Sala_Cinema_Lateral_Roxa_001-copia-1024x576.jpg","type":"image\/jpeg"}],"author":"julia.vieira@nubank.com.br","twitter_card":"summary_large_image","twitter_misc":{"Escrito por":"julia.vieira@nubank.com.br","Est. tempo de leitura":"4 minutos"},"schema":{"@context":"https:\/\/schema.org","@graph":[{"@type":"NewsArticle","@id":"https:\/\/international.nubank.com.br\/pt-br\/consumidores\/nubank-anuncia-abertura-do-nu-cine-copan-em-sao-paulo\/#article","isPartOf":{"@id":"https:\/\/international.nubank.com.br\/pt-br\/consumidores\/nubank-anuncia-abertura-do-nu-cine-copan-em-sao-paulo\/"},"author":{"name":"julia.vieira@nubank.com.br","@id":"https:\/\/international.nubank.com.br\/pt-br\/#\/schema\/person\/e009a42a62d319baac47e1481ec34303"},"headline":"Nubank anuncia abertura do Nu Cine Copan em S\u00e3o Paulo","datePublished":"2026-02-04T11:00:00+00:00","dateModified":"2026-03-30T17:22:31+00:00","mainEntityOfPage":{"@id":"https:\/\/international.nubank.com.br\/pt-br\/consumidores\/nubank-anuncia-abertura-do-nu-cine-copan-em-sao-paulo\/"},"wordCount":844,"commentCount":0,"publisher":{"@id":"https:\/\/international.nubank.com.br\/pt-br\/#organization"},"image":{"@id":"https:\/\/international.nubank.com.br\/pt-br\/consumidores\/nubank-anuncia-abertura-do-nu-cine-copan-em-sao-paulo\/#primaryimage"},"thumbnailUrl":"https:\/\/international.nubank.com.br\/wp-content\/uploads\/2026\/02\/260101_Sala_Cinema_Lateral_Roxa_001-copia.jpg","keywords":["Marketing","Nubank Brasil"],"articleSection":["Consumidores"],"inLanguage":"pt-BR","potentialAction":[{"@type":"CommentAction","name":"Comment","target":["https:\/\/international.nubank.com.br\/pt-br\/consumidores\/nubank-anuncia-abertura-do-nu-cine-copan-em-sao-paulo\/#respond"]}]},{"@type":"WebPage","@id":"https:\/\/international.nubank.com.br\/pt-br\/consumidores\/nubank-anuncia-abertura-do-nu-cine-copan-em-sao-paulo\/","url":"https:\/\/international.nubank.com.br\/pt-br\/consumidores\/nubank-anuncia-abertura-do-nu-cine-copan-em-sao-paulo\/","name":"Nubank anuncia abertura do Nu Cine Copan em S\u00e3o Paulo - Nu International","isPartOf":{"@id":"https:\/\/international.nubank.com.br\/pt-br\/#website"},"primaryImageOfPage":{"@id":"https:\/\/international.nubank.com.br\/pt-br\/consumidores\/nubank-anuncia-abertura-do-nu-cine-copan-em-sao-paulo\/#primaryimage"},"image":{"@id":"https:\/\/international.nubank.com.br\/pt-br\/consumidores\/nubank-anuncia-abertura-do-nu-cine-copan-em-sao-paulo\/#primaryimage"},"thumbnailUrl":"https:\/\/international.nubank.com.br\/wp-content\/uploads\/2026\/02\/260101_Sala_Cinema_Lateral_Roxa_001-copia.jpg","datePublished":"2026-02-04T11:00:00+00:00","dateModified":"2026-03-30T17:22:31+00:00","breadcrumb":{"@id":"https:\/\/international.nubank.com.br\/pt-br\/consumidores\/nubank-anuncia-abertura-do-nu-cine-copan-em-sao-paulo\/#breadcrumb"},"inLanguage":"pt-BR","potentialAction":[{"@type":"ReadAction","target":["https:\/\/international.nubank.com.br\/pt-br\/consumidores\/nubank-anuncia-abertura-do-nu-cine-copan-em-sao-paulo\/"]}]},{"@type":"ImageObject","inLanguage":"pt-BR","@id":"https:\/\/international.nubank.com.br\/pt-br\/consumidores\/nubank-anuncia-abertura-do-nu-cine-copan-em-sao-paulo\/#primaryimage","url":"https:\/\/international.nubank.com.br\/wp-content\/uploads\/2026\/02\/260101_Sala_Cinema_Lateral_Roxa_001-copia.jpg","contentUrl":"https:\/\/international.nubank.com.br\/wp-content\/uploads\/2026\/02\/260101_Sala_Cinema_Lateral_Roxa_001-copia.jpg","width":4320,"height":2430},{"@type":"BreadcrumbList","@id":"https:\/\/international.nubank.com.br\/pt-br\/consumidores\/nubank-anuncia-abertura-do-nu-cine-copan-em-sao-paulo\/#breadcrumb","itemListElement":[{"@type":"ListItem","position":1,"name":"Home","item":"https:\/\/international.nubank.com.br\/pt-br\/"},{"@type":"ListItem","position":2,"name":"Nubank anuncia abertura do Nu Cine Copan em S\u00e3o Paulo"}]},{"@type":"WebSite","@id":"https:\/\/international.nubank.com.br\/pt-br\/#website","url":"https:\/\/international.nubank.com.br\/pt-br\/","name":"Nu International","description":"","publisher":{"@id":"https:\/\/international.nubank.com.br\/pt-br\/#organization"},"potentialAction":[{"@type":"SearchAction","target":{"@type":"EntryPoint","urlTemplate":"https:\/\/international.nubank.com.br\/pt-br\/?s={search_term_string}"},"query-input":{"@type":"PropertyValueSpecification","valueRequired":true,"valueName":"search_term_string"}}],"inLanguage":"pt-BR"},{"@type":"Organization","@id":"https:\/\/international.nubank.com.br\/pt-br\/#organization","name":"Nu International","url":"https:\/\/international.nubank.com.br\/pt-br\/","logo":{"@type":"ImageObject","inLanguage":"pt-BR","@id":"https:\/\/international.nubank.com.br\/pt-br\/#\/schema\/logo\/image\/","url":"https:\/\/international.nubank.com.br\/wp-content\/uploads\/2022\/08\/favicon.png","contentUrl":"https:\/\/international.nubank.com.br\/wp-content\/uploads\/2022\/08\/favicon.png","width":512,"height":512,"caption":"Nu International"},"image":{"@id":"https:\/\/international.nubank.com.br\/pt-br\/#\/schema\/logo\/image\/"}},{"@type":"Person","@id":"https:\/\/international.nubank.com.br\/pt-br\/#\/schema\/person\/e009a42a62d319baac47e1481ec34303","name":"julia.vieira@nubank.com.br","image":{"@type":"ImageObject","inLanguage":"pt-BR","@id":"https:\/\/secure.gravatar.com\/avatar\/98452f611d991f37659e56b103c367601fc3621e061ecd5d86366181f72de70d?s=96&d=mm&r=g","url":"https:\/\/secure.gravatar.com\/avatar\/98452f611d991f37659e56b103c367601fc3621e061ecd5d86366181f72de70d?s=96&d=mm&r=g","contentUrl":"https:\/\/secure.gravatar.com\/avatar\/98452f611d991f37659e56b103c367601fc3621e061ecd5d86366181f72de70d?s=96&d=mm&r=g","caption":"julia.vieira@nubank.com.br"},"url":"https:\/\/international.nubank.com.br\/pt-br\/author\/julia-vieiranubank-com-br\/"}]}},"jetpack_featured_media_url":"https:\/\/international.nubank.com.br\/wp-content\/uploads\/2026\/02\/260101_Sala_Cinema_Lateral_Roxa_001-copia.jpg","jetpack_shortlink":"https:\/\/wp.me\/peaOGT-65z","_links":{"self":[{"href":"https:\/\/international.nubank.com.br\/pt-br\/wp-json\/wp\/v2\/posts\/23409","targetHints":{"allow":["GET"]}}],"collection":[{"href":"https:\/\/international.nubank.com.br\/pt-br\/wp-json\/wp\/v2\/posts"}],"about":[{"href":"https:\/\/international.nubank.com.br\/pt-br\/wp-json\/wp\/v2\/types\/post"}],"author":[{"embeddable":true,"href":"https:\/\/international.nubank.com.br\/pt-br\/wp-json\/wp\/v2\/users\/249510401"}],"replies":[{"embeddable":true,"href":"https:\/\/international.nubank.com.br\/pt-br\/wp-json\/wp\/v2\/comments?post=23409"}],"version-history":[{"count":6,"href":"https:\/\/international.nubank.com.br\/pt-br\/wp-json\/wp\/v2\/posts\/23409\/revisions"}],"predecessor-version":[{"id":23419,"href":"https:\/\/international.nubank.com.br\/pt-br\/wp-json\/wp\/v2\/posts\/23409\/revisions\/23419"}],"wp:featuredmedia":[{"embeddable":true,"href":"https:\/\/international.nubank.com.br\/pt-br\/wp-json\/wp\/v2\/media\/23412"}],"wp:attachment":[{"href":"https:\/\/international.nubank.com.br\/pt-br\/wp-json\/wp\/v2\/media?parent=23409"}],"wp:term":[{"taxonomy":"category","embeddable":true,"href":"https:\/\/international.nubank.com.br\/pt-br\/wp-json\/wp\/v2\/categories?post=23409"},{"taxonomy":"post_tag","embeddable":true,"href":"https:\/\/international.nubank.com.br\/pt-br\/wp-json\/wp\/v2\/tags?post=23409"}],"curies":[{"name":"wp","href":"https:\/\/api.w.org\/{rel}","templated":true}]}}