{"id":23855,"date":"2026-03-16T16:54:05","date_gmt":"2026-03-16T19:54:05","guid":{"rendered":"https:\/\/international.nubank.com.br\/?p=23855"},"modified":"2026-03-16T17:00:07","modified_gmt":"2026-03-16T20:00:07","slug":"nota-conjunta-nubank-passa-a-integrar-o-quadro-de-associados-da-febraban","status":"publish","type":"post","link":"https:\/\/international.nubank.com.br\/pt-br\/companhia\/nota-conjunta-nubank-passa-a-integrar-o-quadro-de-associados-da-febraban\/","title":{"rendered":"Nota conjunta &#8211; Nubank passa a integrar o quadro de associados da Febraban"},"content":{"rendered":"\n<p><strong>S\u00e3o Paulo, 16 de mar\u00e7o de 2026<\/strong> &#8211; A partir de recomenda\u00e7\u00e3o favor\u00e1vel do Conselheiro Milton Maluhy Filho, o Conselho Diretor da <strong>Febraban<\/strong>, na sua primeira reuni\u00e3o ordin\u00e1ria de 2026, aprovou, por unanimidade, pedido de filia\u00e7\u00e3o do <strong>Nubank<\/strong>, que passa a integrar o quadro associativo da Federa\u00e7\u00e3o.&nbsp;<\/p>\n\n\n\n<p>Para o CEO da <strong>Febraban<\/strong>, Isaac Sidney, <em>\u201ca iniciativa do <\/em><strong><em>Nubank<\/em><\/strong><em> \u00e9 muito bem-vinda, pois demonstra seu interesse em participar ativamente dos espa\u00e7os de di\u00e1logo e de articula\u00e7\u00e3o institucional da ind\u00fastria e, ao mesmo tempo, evidencia a valoriza\u00e7\u00e3o, por parte da <\/em><strong><em>Febraban<\/em><\/strong><em>, da pluralidade, do debate qualificado e da constru\u00e7\u00e3o setorial de solu\u00e7\u00f5es em um ambiente representativo e diverso\u201d<\/em>.&nbsp;<\/p>\n\n\n\n<p>Na mesma linha, Livia Chanes, CEO do <strong>Nubank<\/strong> no Brasil, real\u00e7a a import\u00e2ncia da parceria institucional com a <strong>Febraban<\/strong>,<em> <\/em>afirmando que,<em> \u201cao trazer nosso hist\u00f3rico de inova\u00e7\u00e3o, inclus\u00e3o financeira e foco nos clientes tamb\u00e9m para este f\u00f3rum, refor\u00e7amos nossa contribui\u00e7\u00e3o para o fortalecimento do sistema financeiro, al\u00e9m de seguirmos comprometidos em reduzir a complexidade da ind\u00fastria e simplificar a vida dos nossos clientes\u201d<\/em>.<\/p>\n\n\n\n<p>Como parte desse processo de aproxima\u00e7\u00e3o, o <strong>Nubank<\/strong> passar\u00e1 a integrar as principais inst\u00e2ncias deliberativas da <strong>Febraban<\/strong>, ampliando sua participa\u00e7\u00e3o nos debates estrat\u00e9gicos de atua\u00e7\u00e3o institucional da Federa\u00e7\u00e3o.<\/p>\n\n\n\n<p><strong>Por que o Nubank buscou a filia\u00e7\u00e3o<\/strong><\/p>\n\n\n\n<ul class=\"wp-block-list\">\n<li>A filia\u00e7\u00e3o do <strong>Nubank<\/strong> \u00e0 <strong>Febraban<\/strong> est\u00e1 alinhada ao seu plano em curso para a obten\u00e7\u00e3o de licen\u00e7a banc\u00e1ria e a companhia \u00e9, atualmente, a maior institui\u00e7\u00e3o financeira privada do Brasil em n\u00famero de clientes.<\/li>\n\n\n\n<li>A entrada na <strong>Febraban<\/strong> amplia e fortalece a atua\u00e7\u00e3o institucional do Nubank, que seguir\u00e1 participando ativamente de outras entidades setoriais, como Zetta, ABBC e ANBIMA, contribuindo para as agendas de competitividade, inova\u00e7\u00e3o e sustentabilidade do sistema financeiro.<\/li>\n\n\n\n<li>Fundado h\u00e1 12 anos, o <strong>Nubank<\/strong> consolidou-se como uma das maiores plataformas digitais de servi\u00e7os financeiros do mundo, com 131 milh\u00f5es de clientes. Em 2025, a companhia registrou receita de US$ 16,3 bilh\u00f5es e lucro l\u00edquido de US$ 2,9 bilh\u00f5es, evidenciando a solidez de um modelo de neg\u00f3cios integralmente digital, baseado em tecnologia e efici\u00eancia operacional.<\/li>\n\n\n\n<li>No Brasil, o <strong>Nubank<\/strong>, com 113 milh\u00f5es de clientes, atende mais de 60% da popula\u00e7\u00e3o adulta e foi respons\u00e1vel pela inclus\u00e3o de 29 milh\u00f5es de pessoas no sistema financeiro nos \u00faltimos anos. Mesmo com a expans\u00e3o acelerada da base de clientes, a institui\u00e7\u00e3o mant\u00e9m um dos menores \u00edndices de reclama\u00e7\u00f5es do setor, segundo ranking do Banco Central.<\/li>\n<\/ul>\n\n\n\n<p><strong>Por que a Febraban acolhe a nova associada<\/strong><\/p>\n\n\n\n<p>Ao abrigar institui\u00e7\u00f5es comprometidas com esses princ\u00edpios, a <strong>Febraban<\/strong> fortalece sua miss\u00e3o de promover, de forma conjunta e coordenada, um sistema financeiro s\u00f3lido, \u00e9tico e preparado para responder, com responsabilidade, aos desafios econ\u00f4micos, regulat\u00f3rios e sociais.<\/p>\n\n\n\n<p>A decis\u00e3o da <strong>Febraban<\/strong> de acolher o <strong>Nubank<\/strong> como associada est\u00e1 alinhada ao seu compromisso permanente com a pluralidade de vis\u00f5es da ind\u00fastria financeira brasileira, bem como com a abertura ao di\u00e1logo qualificado entre institui\u00e7\u00f5es que se pautam por diferentes modelos de neg\u00f3cios.<\/p>\n\n\n\n<p>Ao incorporar novos atores ao seu quadro associativo, a <strong>Febraban<\/strong> amplia a representatividade do setor banc\u00e1rio e refor\u00e7a sua capacidade de refletir a diversidade de perspectivas, experi\u00eancias e trajet\u00f3rias que marcam o sistema financeiro nacional.<\/p>\n\n\n\n<p>A <strong>Febraban<\/strong> reafirma, com esse movimento, seu compromisso hist\u00f3rico com a defesa da integridade,<strong> <\/strong>da<strong> <\/strong>resili\u00eancia<strong> <\/strong>e<strong> <\/strong>da<strong> <\/strong>isonomia do sistema financeiro, valores essenciais para a estabilidade, a credibilidade e a confian\u00e7a da sociedade no setor.<\/p>\n\n\n\n<p><\/p>\n","protected":false},"excerpt":{"rendered":"<p>Como parte desse processo de aproxima\u00e7\u00e3o, o Nubank passar\u00e1 a integrar as principais inst\u00e2ncias deliberativas da Febraban.<\/p>\n","protected":false},"author":249510384,"featured_media":20136,"comment_status":"open","ping_status":"closed","sticky":false,"template":"","format":"standard","meta":{"_acf_changed":false,"footnotes":""},"categories":[65],"tags":[189],"class_list":["post-23855","post","type-post","status-publish","format-standard","has-post-thumbnail","hentry","category-companhia","tag-nubank-brasil"],"acf":[],"yoast_head":"<!-- This site is optimized with the Yoast SEO plugin v27.4 - https:\/\/yoast.com\/product\/yoast-seo-wordpress\/ -->\n<title>Nubank passa a integrar o quadro de associados da Febraban<\/title>\n<meta name=\"description\" content=\"Como parte desse processo de aproxima\u00e7\u00e3o, o Nubank passar\u00e1 a integrar as principais inst\u00e2ncias deliberativas da Febraban.\" \/>\n<meta name=\"robots\" content=\"index, follow, max-snippet:-1, max-image-preview:large, max-video-preview:-1\" \/>\n<link rel=\"canonical\" href=\"https:\/\/international.nubank.com.br\/pt-br\/companhia\/nota-conjunta-nubank-passa-a-integrar-o-quadro-de-associados-da-febraban\/\" \/>\n<meta property=\"og:locale\" content=\"pt_BR\" \/>\n<meta property=\"og:type\" content=\"article\" \/>\n<meta property=\"og:title\" content=\"Nubank passa a integrar o quadro de associados da Febraban\" \/>\n<meta property=\"og:description\" content=\"Como parte desse processo de aproxima\u00e7\u00e3o, o Nubank passar\u00e1 a integrar as principais inst\u00e2ncias deliberativas da Febraban.\" \/>\n<meta property=\"og:url\" content=\"https:\/\/international.nubank.com.br\/pt-br\/companhia\/nota-conjunta-nubank-passa-a-integrar-o-quadro-de-associados-da-febraban\/\" \/>\n<meta property=\"og:site_name\" content=\"Nu International\" \/>\n<meta property=\"article:published_time\" content=\"2026-03-16T19:54:05+00:00\" \/>\n<meta property=\"article:modified_time\" content=\"2026-03-16T20:00:07+00:00\" \/>\n<meta property=\"og:image\" content=\"https:\/\/international.nubank.com.br\/wp-content\/uploads\/2025\/06\/image-1-1-1.png\" \/>\n\t<meta property=\"og:image:width\" content=\"1080\" \/>\n\t<meta property=\"og:image:height\" content=\"654\" \/>\n\t<meta property=\"og:image:type\" content=\"image\/png\" \/>\n<meta name=\"author\" content=\"nuleonardostavale\" \/>\n<meta name=\"twitter:card\" content=\"summary_large_image\" \/>\n<meta name=\"twitter:label1\" content=\"Escrito por\" \/>\n\t<meta name=\"twitter:data1\" content=\"nuleonardostavale\" \/>\n\t<meta name=\"twitter:label2\" content=\"Est. tempo de leitura\" \/>\n\t<meta name=\"twitter:data2\" content=\"1 minuto\" \/>\n<script type=\"application\/ld+json\" class=\"yoast-schema-graph\">{\"@context\":\"https:\\\/\\\/schema.org\",\"@graph\":[{\"@type\":\"NewsArticle\",\"@id\":\"https:\\\/\\\/international.nubank.com.br\\\/pt-br\\\/companhia\\\/nota-conjunta-nubank-passa-a-integrar-o-quadro-de-associados-da-febraban\\\/#article\",\"isPartOf\":{\"@id\":\"https:\\\/\\\/international.nubank.com.br\\\/pt-br\\\/companhia\\\/nota-conjunta-nubank-passa-a-integrar-o-quadro-de-associados-da-febraban\\\/\"},\"author\":{\"name\":\"nuleonardostavale\",\"@id\":\"https:\\\/\\\/international.nubank.com.br\\\/pt-br\\\/#\\\/schema\\\/person\\\/489f9ad4c63df4f21cc883de39f6249d\"},\"headline\":\"Nota conjunta &#8211; Nubank passa a integrar o quadro de associados da Febraban\",\"datePublished\":\"2026-03-16T19:54:05+00:00\",\"dateModified\":\"2026-03-16T20:00:07+00:00\",\"mainEntityOfPage\":{\"@id\":\"https:\\\/\\\/international.nubank.com.br\\\/pt-br\\\/companhia\\\/nota-conjunta-nubank-passa-a-integrar-o-quadro-de-associados-da-febraban\\\/\"},\"wordCount\":624,\"commentCount\":0,\"publisher\":{\"@id\":\"https:\\\/\\\/international.nubank.com.br\\\/pt-br\\\/#organization\"},\"image\":{\"@id\":\"https:\\\/\\\/international.nubank.com.br\\\/pt-br\\\/companhia\\\/nota-conjunta-nubank-passa-a-integrar-o-quadro-de-associados-da-febraban\\\/#primaryimage\"},\"thumbnailUrl\":\"https:\\\/\\\/international.nubank.com.br\\\/wp-content\\\/uploads\\\/2025\\\/06\\\/image-1-1-1.png\",\"keywords\":[\"Nubank Brasil\"],\"articleSection\":[\"Companhia\"],\"inLanguage\":\"pt-BR\",\"potentialAction\":[{\"@type\":\"CommentAction\",\"name\":\"Comment\",\"target\":[\"https:\\\/\\\/international.nubank.com.br\\\/pt-br\\\/companhia\\\/nota-conjunta-nubank-passa-a-integrar-o-quadro-de-associados-da-febraban\\\/#respond\"]}]},{\"@type\":\"WebPage\",\"@id\":\"https:\\\/\\\/international.nubank.com.br\\\/pt-br\\\/companhia\\\/nota-conjunta-nubank-passa-a-integrar-o-quadro-de-associados-da-febraban\\\/\",\"url\":\"https:\\\/\\\/international.nubank.com.br\\\/pt-br\\\/companhia\\\/nota-conjunta-nubank-passa-a-integrar-o-quadro-de-associados-da-febraban\\\/\",\"name\":\"Nubank passa a integrar o quadro de associados da Febraban\",\"isPartOf\":{\"@id\":\"https:\\\/\\\/international.nubank.com.br\\\/pt-br\\\/#website\"},\"primaryImageOfPage\":{\"@id\":\"https:\\\/\\\/international.nubank.com.br\\\/pt-br\\\/companhia\\\/nota-conjunta-nubank-passa-a-integrar-o-quadro-de-associados-da-febraban\\\/#primaryimage\"},\"image\":{\"@id\":\"https:\\\/\\\/international.nubank.com.br\\\/pt-br\\\/companhia\\\/nota-conjunta-nubank-passa-a-integrar-o-quadro-de-associados-da-febraban\\\/#primaryimage\"},\"thumbnailUrl\":\"https:\\\/\\\/international.nubank.com.br\\\/wp-content\\\/uploads\\\/2025\\\/06\\\/image-1-1-1.png\",\"datePublished\":\"2026-03-16T19:54:05+00:00\",\"dateModified\":\"2026-03-16T20:00:07+00:00\",\"description\":\"Como parte desse processo de aproxima\u00e7\u00e3o, o Nubank passar\u00e1 a integrar as principais inst\u00e2ncias deliberativas da Febraban.\",\"breadcrumb\":{\"@id\":\"https:\\\/\\\/international.nubank.com.br\\\/pt-br\\\/companhia\\\/nota-conjunta-nubank-passa-a-integrar-o-quadro-de-associados-da-febraban\\\/#breadcrumb\"},\"inLanguage\":\"pt-BR\",\"potentialAction\":[{\"@type\":\"ReadAction\",\"target\":[\"https:\\\/\\\/international.nubank.com.br\\\/pt-br\\\/companhia\\\/nota-conjunta-nubank-passa-a-integrar-o-quadro-de-associados-da-febraban\\\/\"]}]},{\"@type\":\"ImageObject\",\"inLanguage\":\"pt-BR\",\"@id\":\"https:\\\/\\\/international.nubank.com.br\\\/pt-br\\\/companhia\\\/nota-conjunta-nubank-passa-a-integrar-o-quadro-de-associados-da-febraban\\\/#primaryimage\",\"url\":\"https:\\\/\\\/international.nubank.com.br\\\/wp-content\\\/uploads\\\/2025\\\/06\\\/image-1-1-1.png\",\"contentUrl\":\"https:\\\/\\\/international.nubank.com.br\\\/wp-content\\\/uploads\\\/2025\\\/06\\\/image-1-1-1.png\",\"width\":1080,\"height\":654},{\"@type\":\"BreadcrumbList\",\"@id\":\"https:\\\/\\\/international.nubank.com.br\\\/pt-br\\\/companhia\\\/nota-conjunta-nubank-passa-a-integrar-o-quadro-de-associados-da-febraban\\\/#breadcrumb\",\"itemListElement\":[{\"@type\":\"ListItem\",\"position\":1,\"name\":\"Home\",\"item\":\"https:\\\/\\\/international.nubank.com.br\\\/pt-br\\\/\"},{\"@type\":\"ListItem\",\"position\":2,\"name\":\"Nota conjunta &#8211; Nubank passa a integrar o quadro de associados da Febraban\"}]},{\"@type\":\"WebSite\",\"@id\":\"https:\\\/\\\/international.nubank.com.br\\\/pt-br\\\/#website\",\"url\":\"https:\\\/\\\/international.nubank.com.br\\\/pt-br\\\/\",\"name\":\"Nu International\",\"description\":\"\",\"publisher\":{\"@id\":\"https:\\\/\\\/international.nubank.com.br\\\/pt-br\\\/#organization\"},\"potentialAction\":[{\"@type\":\"SearchAction\",\"target\":{\"@type\":\"EntryPoint\",\"urlTemplate\":\"https:\\\/\\\/international.nubank.com.br\\\/pt-br\\\/?s={search_term_string}\"},\"query-input\":{\"@type\":\"PropertyValueSpecification\",\"valueRequired\":true,\"valueName\":\"search_term_string\"}}],\"inLanguage\":\"pt-BR\"},{\"@type\":\"Organization\",\"@id\":\"https:\\\/\\\/international.nubank.com.br\\\/pt-br\\\/#organization\",\"name\":\"Nu International\",\"url\":\"https:\\\/\\\/international.nubank.com.br\\\/pt-br\\\/\",\"logo\":{\"@type\":\"ImageObject\",\"inLanguage\":\"pt-BR\",\"@id\":\"https:\\\/\\\/international.nubank.com.br\\\/pt-br\\\/#\\\/schema\\\/logo\\\/image\\\/\",\"url\":\"https:\\\/\\\/international.nubank.com.br\\\/wp-content\\\/uploads\\\/2022\\\/08\\\/favicon.png\",\"contentUrl\":\"https:\\\/\\\/international.nubank.com.br\\\/wp-content\\\/uploads\\\/2022\\\/08\\\/favicon.png\",\"width\":512,\"height\":512,\"caption\":\"Nu International\"},\"image\":{\"@id\":\"https:\\\/\\\/international.nubank.com.br\\\/pt-br\\\/#\\\/schema\\\/logo\\\/image\\\/\"}},{\"@type\":\"Person\",\"@id\":\"https:\\\/\\\/international.nubank.com.br\\\/pt-br\\\/#\\\/schema\\\/person\\\/489f9ad4c63df4f21cc883de39f6249d\",\"name\":\"nuleonardostavale\",\"image\":{\"@type\":\"ImageObject\",\"inLanguage\":\"pt-BR\",\"@id\":\"https:\\\/\\\/secure.gravatar.com\\\/avatar\\\/2dbe45c5b04b17754136d0356df3700ca9c2cf3841efb1a8d65c5709eb471a66?s=96&d=mm&r=g\",\"url\":\"https:\\\/\\\/secure.gravatar.com\\\/avatar\\\/2dbe45c5b04b17754136d0356df3700ca9c2cf3841efb1a8d65c5709eb471a66?s=96&d=mm&r=g\",\"contentUrl\":\"https:\\\/\\\/secure.gravatar.com\\\/avatar\\\/2dbe45c5b04b17754136d0356df3700ca9c2cf3841efb1a8d65c5709eb471a66?s=96&d=mm&r=g\",\"caption\":\"nuleonardostavale\"},\"url\":\"https:\\\/\\\/international.nubank.com.br\\\/pt-br\\\/author\\\/nuleonardostavale\\\/\"}]}<\/script>\n<!-- \/ Yoast SEO plugin. -->","yoast_head_json":{"title":"Nubank passa a integrar o quadro de associados da Febraban","description":"Como parte desse processo de aproxima\u00e7\u00e3o, o Nubank passar\u00e1 a integrar as principais inst\u00e2ncias deliberativas da Febraban.","robots":{"index":"index","follow":"follow","max-snippet":"max-snippet:-1","max-image-preview":"max-image-preview:large","max-video-preview":"max-video-preview:-1"},"canonical":"https:\/\/international.nubank.com.br\/pt-br\/companhia\/nota-conjunta-nubank-passa-a-integrar-o-quadro-de-associados-da-febraban\/","og_locale":"pt_BR","og_type":"article","og_title":"Nubank passa a integrar o quadro de associados da Febraban","og_description":"Como parte desse processo de aproxima\u00e7\u00e3o, o Nubank passar\u00e1 a integrar as principais inst\u00e2ncias deliberativas da Febraban.","og_url":"https:\/\/international.nubank.com.br\/pt-br\/companhia\/nota-conjunta-nubank-passa-a-integrar-o-quadro-de-associados-da-febraban\/","og_site_name":"Nu International","article_published_time":"2026-03-16T19:54:05+00:00","article_modified_time":"2026-03-16T20:00:07+00:00","og_image":[{"width":1080,"height":654,"url":"https:\/\/international.nubank.com.br\/wp-content\/uploads\/2025\/06\/image-1-1-1.png","type":"image\/png"}],"author":"nuleonardostavale","twitter_card":"summary_large_image","twitter_misc":{"Escrito por":"nuleonardostavale","Est. tempo de leitura":"1 minuto"},"schema":{"@context":"https:\/\/schema.org","@graph":[{"@type":"NewsArticle","@id":"https:\/\/international.nubank.com.br\/pt-br\/companhia\/nota-conjunta-nubank-passa-a-integrar-o-quadro-de-associados-da-febraban\/#article","isPartOf":{"@id":"https:\/\/international.nubank.com.br\/pt-br\/companhia\/nota-conjunta-nubank-passa-a-integrar-o-quadro-de-associados-da-febraban\/"},"author":{"name":"nuleonardostavale","@id":"https:\/\/international.nubank.com.br\/pt-br\/#\/schema\/person\/489f9ad4c63df4f21cc883de39f6249d"},"headline":"Nota conjunta &#8211; Nubank passa a integrar o quadro de associados da Febraban","datePublished":"2026-03-16T19:54:05+00:00","dateModified":"2026-03-16T20:00:07+00:00","mainEntityOfPage":{"@id":"https:\/\/international.nubank.com.br\/pt-br\/companhia\/nota-conjunta-nubank-passa-a-integrar-o-quadro-de-associados-da-febraban\/"},"wordCount":624,"commentCount":0,"publisher":{"@id":"https:\/\/international.nubank.com.br\/pt-br\/#organization"},"image":{"@id":"https:\/\/international.nubank.com.br\/pt-br\/companhia\/nota-conjunta-nubank-passa-a-integrar-o-quadro-de-associados-da-febraban\/#primaryimage"},"thumbnailUrl":"https:\/\/international.nubank.com.br\/wp-content\/uploads\/2025\/06\/image-1-1-1.png","keywords":["Nubank Brasil"],"articleSection":["Companhia"],"inLanguage":"pt-BR","potentialAction":[{"@type":"CommentAction","name":"Comment","target":["https:\/\/international.nubank.com.br\/pt-br\/companhia\/nota-conjunta-nubank-passa-a-integrar-o-quadro-de-associados-da-febraban\/#respond"]}]},{"@type":"WebPage","@id":"https:\/\/international.nubank.com.br\/pt-br\/companhia\/nota-conjunta-nubank-passa-a-integrar-o-quadro-de-associados-da-febraban\/","url":"https:\/\/international.nubank.com.br\/pt-br\/companhia\/nota-conjunta-nubank-passa-a-integrar-o-quadro-de-associados-da-febraban\/","name":"Nubank passa a integrar o quadro de associados da Febraban","isPartOf":{"@id":"https:\/\/international.nubank.com.br\/pt-br\/#website"},"primaryImageOfPage":{"@id":"https:\/\/international.nubank.com.br\/pt-br\/companhia\/nota-conjunta-nubank-passa-a-integrar-o-quadro-de-associados-da-febraban\/#primaryimage"},"image":{"@id":"https:\/\/international.nubank.com.br\/pt-br\/companhia\/nota-conjunta-nubank-passa-a-integrar-o-quadro-de-associados-da-febraban\/#primaryimage"},"thumbnailUrl":"https:\/\/international.nubank.com.br\/wp-content\/uploads\/2025\/06\/image-1-1-1.png","datePublished":"2026-03-16T19:54:05+00:00","dateModified":"2026-03-16T20:00:07+00:00","description":"Como parte desse processo de aproxima\u00e7\u00e3o, o Nubank passar\u00e1 a integrar as principais inst\u00e2ncias deliberativas da Febraban.","breadcrumb":{"@id":"https:\/\/international.nubank.com.br\/pt-br\/companhia\/nota-conjunta-nubank-passa-a-integrar-o-quadro-de-associados-da-febraban\/#breadcrumb"},"inLanguage":"pt-BR","potentialAction":[{"@type":"ReadAction","target":["https:\/\/international.nubank.com.br\/pt-br\/companhia\/nota-conjunta-nubank-passa-a-integrar-o-quadro-de-associados-da-febraban\/"]}]},{"@type":"ImageObject","inLanguage":"pt-BR","@id":"https:\/\/international.nubank.com.br\/pt-br\/companhia\/nota-conjunta-nubank-passa-a-integrar-o-quadro-de-associados-da-febraban\/#primaryimage","url":"https:\/\/international.nubank.com.br\/wp-content\/uploads\/2025\/06\/image-1-1-1.png","contentUrl":"https:\/\/international.nubank.com.br\/wp-content\/uploads\/2025\/06\/image-1-1-1.png","width":1080,"height":654},{"@type":"BreadcrumbList","@id":"https:\/\/international.nubank.com.br\/pt-br\/companhia\/nota-conjunta-nubank-passa-a-integrar-o-quadro-de-associados-da-febraban\/#breadcrumb","itemListElement":[{"@type":"ListItem","position":1,"name":"Home","item":"https:\/\/international.nubank.com.br\/pt-br\/"},{"@type":"ListItem","position":2,"name":"Nota conjunta &#8211; Nubank passa a integrar o quadro de associados da Febraban"}]},{"@type":"WebSite","@id":"https:\/\/international.nubank.com.br\/pt-br\/#website","url":"https:\/\/international.nubank.com.br\/pt-br\/","name":"Nu International","description":"","publisher":{"@id":"https:\/\/international.nubank.com.br\/pt-br\/#organization"},"potentialAction":[{"@type":"SearchAction","target":{"@type":"EntryPoint","urlTemplate":"https:\/\/international.nubank.com.br\/pt-br\/?s={search_term_string}"},"query-input":{"@type":"PropertyValueSpecification","valueRequired":true,"valueName":"search_term_string"}}],"inLanguage":"pt-BR"},{"@type":"Organization","@id":"https:\/\/international.nubank.com.br\/pt-br\/#organization","name":"Nu International","url":"https:\/\/international.nubank.com.br\/pt-br\/","logo":{"@type":"ImageObject","inLanguage":"pt-BR","@id":"https:\/\/international.nubank.com.br\/pt-br\/#\/schema\/logo\/image\/","url":"https:\/\/international.nubank.com.br\/wp-content\/uploads\/2022\/08\/favicon.png","contentUrl":"https:\/\/international.nubank.com.br\/wp-content\/uploads\/2022\/08\/favicon.png","width":512,"height":512,"caption":"Nu International"},"image":{"@id":"https:\/\/international.nubank.com.br\/pt-br\/#\/schema\/logo\/image\/"}},{"@type":"Person","@id":"https:\/\/international.nubank.com.br\/pt-br\/#\/schema\/person\/489f9ad4c63df4f21cc883de39f6249d","name":"nuleonardostavale","image":{"@type":"ImageObject","inLanguage":"pt-BR","@id":"https:\/\/secure.gravatar.com\/avatar\/2dbe45c5b04b17754136d0356df3700ca9c2cf3841efb1a8d65c5709eb471a66?s=96&d=mm&r=g","url":"https:\/\/secure.gravatar.com\/avatar\/2dbe45c5b04b17754136d0356df3700ca9c2cf3841efb1a8d65c5709eb471a66?s=96&d=mm&r=g","contentUrl":"https:\/\/secure.gravatar.com\/avatar\/2dbe45c5b04b17754136d0356df3700ca9c2cf3841efb1a8d65c5709eb471a66?s=96&d=mm&r=g","caption":"nuleonardostavale"},"url":"https:\/\/international.nubank.com.br\/pt-br\/author\/nuleonardostavale\/"}]}},"jetpack_featured_media_url":"https:\/\/international.nubank.com.br\/wp-content\/uploads\/2025\/06\/image-1-1-1.png","jetpack_shortlink":"https:\/\/wp.me\/peaOGT-6cL","_links":{"self":[{"href":"https:\/\/international.nubank.com.br\/pt-br\/wp-json\/wp\/v2\/posts\/23855","targetHints":{"allow":["GET"]}}],"collection":[{"href":"https:\/\/international.nubank.com.br\/pt-br\/wp-json\/wp\/v2\/posts"}],"about":[{"href":"https:\/\/international.nubank.com.br\/pt-br\/wp-json\/wp\/v2\/types\/post"}],"author":[{"embeddable":true,"href":"https:\/\/international.nubank.com.br\/pt-br\/wp-json\/wp\/v2\/users\/249510384"}],"replies":[{"embeddable":true,"href":"https:\/\/international.nubank.com.br\/pt-br\/wp-json\/wp\/v2\/comments?post=23855"}],"version-history":[{"count":3,"href":"https:\/\/international.nubank.com.br\/pt-br\/wp-json\/wp\/v2\/posts\/23855\/revisions"}],"predecessor-version":[{"id":23859,"href":"https:\/\/international.nubank.com.br\/pt-br\/wp-json\/wp\/v2\/posts\/23855\/revisions\/23859"}],"wp:featuredmedia":[{"embeddable":true,"href":"https:\/\/international.nubank.com.br\/pt-br\/wp-json\/wp\/v2\/media\/20136"}],"wp:attachment":[{"href":"https:\/\/international.nubank.com.br\/pt-br\/wp-json\/wp\/v2\/media?parent=23855"}],"wp:term":[{"taxonomy":"category","embeddable":true,"href":"https:\/\/international.nubank.com.br\/pt-br\/wp-json\/wp\/v2\/categories?post=23855"},{"taxonomy":"post_tag","embeddable":true,"href":"https:\/\/international.nubank.com.br\/pt-br\/wp-json\/wp\/v2\/tags?post=23855"}],"curies":[{"name":"wp","href":"https:\/\/api.w.org\/{rel}","templated":true}]}}