{"id":25675,"date":"2026-07-15T09:00:00","date_gmt":"2026-07-15T12:00:00","guid":{"rendered":"https:\/\/international.nubank.com.br\/?p=25675"},"modified":"2026-07-21T09:55:53","modified_gmt":"2026-07-21T12:55:53","slug":"nubank-nomeia-livia-chanes-como-ceo-para-a-america-latina","status":"publish","type":"post","link":"https:\/\/international.nubank.com.br\/pt-br\/companhia\/nubank-nomeia-livia-chanes-como-ceo-para-a-america-latina\/","title":{"rendered":"Nubank nomeia Livia Chanes como CEO para a Am\u00e9rica Latina"},"content":{"rendered":"\n<p class=\"wp-block-paragraph\"><strong>S\u00e3o Paulo, 15 de julho de 2026 \u2013<\/strong> O Nubank, maior institui\u00e7\u00e3o financeira digital da Am\u00e9rica Latina, anunciou hoje que Livia Chanes ampliar\u00e1 sua atua\u00e7\u00e3o ao assumir o cargo de CEO para a Am\u00e9rica Latina, mantendo tamb\u00e9m sua posi\u00e7\u00e3o como CEO do Nubank Brasil. Os Country Managers Armando Herrera, no M\u00e9xico, e Marcela Torres, na Col\u00f4mbia, passar\u00e3o a reportar-se diretamente a ela, preservando a autonomia operacional em seus respectivos mercados.<br><br>O an\u00fancio ocorre no momento em que a companhia ultrapassa 135 milh\u00f5es de clientes globalmente e recebe autoriza\u00e7\u00e3o para operar como banco no M\u00e9xico, onde se consolidar\u00e1 como o maior banco digital do pa\u00eds. Na Col\u00f4mbia, 5 milh\u00f5es de pessoas j\u00e1 escolheram o Nu, que hoje est\u00e1 presente em 100% dos departamentos. No Brasil, o Nubank foi respons\u00e1vel por revolucionar o mercado e lidera como principal institui\u00e7\u00e3o financeira dos brasileiros em todas as regi\u00f5es do pa\u00eds, segundo o NPS Prism da Bain &amp; Company referente ao quarto trimestre de 2025. Na Am\u00e9rica Latina, cerca de 37 milh\u00f5es de pessoas entraram no sistema financeiro formal por meio da plataforma: 31,5 milh\u00f5es no Brasil, 4,7 milh\u00f5es no M\u00e9xico e quase 1 milh\u00e3o na Col\u00f4mbia.<br><br>\u201cH\u00e1 treze anos, nos propusemos a provar que um banco poderia ser mais simples e constru\u00eddo em torno do cliente. Foi no Brasil que validamos esse modelo\u201d, afirma David V\u00e9lez, fundador e CEO Global do Nubank. \u201cUnificar a regi\u00e3o sob a lideran\u00e7a da Livia \u00e9 um passo natural. As mesmas barreiras que limitaram a inclus\u00e3o financeira no Brasil ainda persistem em toda a Am\u00e9rica Latina. Agora temos as ferramentas, a equipe e o hist\u00f3rico necess\u00e1rios para super\u00e1-las com mais rapidez.\u201d<br><br>&#8220;Meu compromisso \u00e9 garantir que o M\u00e9xico e a Col\u00f4mbia se beneficiem de tudo o que constru\u00edmos no Brasil. Essa troca acelera a inova\u00e7\u00e3o em todas as dire\u00e7\u00f5es&#8221;, afirma Livia Chanes, CEO do Nubank Brasil e para a para Am\u00e9rica Latina. \u201cJ\u00e1 somos a maior institui\u00e7\u00e3o financeira privada em n\u00famero de clientes no Brasil, mas sabemos que ainda temos imensas oportunidades de crescer em nossos diferentes segmentos. Essa continua a ser a nossa prioridade como companhia. Cada aprendizado ser\u00e1 utilizado em benef\u00edcio de cada pessoa que servimos na regi\u00e3o&#8221;, completa a executiva.<br><br>Livia Chanes ingressou no Nubank h\u00e1 seis anos como Vice-Presidente de Produtos, assumiu a opera\u00e7\u00e3o brasileira no segundo semestre de 2022 e tornou-se CEO do Nubank Brasil no in\u00edcio de 2024. Sob sua gest\u00e3o, o neg\u00f3cio no pa\u00eds adicionou mais de 50 milh\u00f5es de novos clientes, alcan\u00e7ando a marca de 115 milh\u00f5es. Nesse per\u00edodo, a companhia tamb\u00e9m lan\u00e7ou recursos inovadores, como o NuCel, seu servi\u00e7o de telefonia m\u00f3vel, que j\u00e1 soma mais de 1 milh\u00e3o de clientes, novos produtos de cr\u00e9dito e a expans\u00e3o do Nu Empresas, que atingiu a marca de 6 milh\u00f5es de clientes, o que fez do Nubank a institui\u00e7\u00e3o com o maior n\u00famero de CNPJs atendidos no Brasil.<br><br>A amplia\u00e7\u00e3o do escopo de Livia oferece suporte estrutural a Armando Herrera, no M\u00e9xico, e Marcela Torres, na Col\u00f4mbia, que continuam liderando seus mercados. No primeiro trimestre de 2026, o Nu M\u00e9xico atingiu o break-even e agora soma 15 milh\u00f5es de clientes, com a adi\u00e7\u00e3o de quase 12 mil novos clientes por dia. O Nu Col\u00f4mbia completou cinco anos de opera\u00e7\u00e3o com mais de 11 trilh\u00f5es de pesos em dep\u00f3sitos e US$ 130 milh\u00f5es em investimentos planejados para 2026.<br><br>No Brasil, onde j\u00e1 atende a mais de 60% da popula\u00e7\u00e3o adulta, o Nubank v\u00ea um vasto espa\u00e7o para a expans\u00e3o da receita. Para acelerar essa monetiza\u00e7\u00e3o e ampliar a oferta de produtos, a companhia comprometeu-se a investir R$ 45 bilh\u00f5es (US$ 8,2 bilh\u00f5es) at\u00e9 2026. Alinhado a esse crescimento consistente, o Nubank Brasil mant\u00e9m sua efici\u00eancia operacional e a excel\u00eancia no atendimento, registrando um dos menores \u00edndices de reclama\u00e7\u00f5es do Banco Central entre as maiores institui\u00e7\u00f5es financeiras do pa\u00eds.<\/p>\n","protected":false},"excerpt":{"rendered":"<p>Executiva amplia escopo para liderar as opera\u00e7\u00f5es regionais no momento em que a institui\u00e7\u00e3o ultrapassa 135 milh\u00f5es de clientes globais e acelera o crescimento em todas as localidades onde opera<\/p>\n","protected":false},"author":13,"featured_media":25698,"comment_status":"open","ping_status":"closed","sticky":false,"template":"","format":"standard","meta":{"_acf_changed":false,"_wpcom_ai_launchpad_first_post":false,"footnotes":"","jetpack_post_was_ever_published":false},"categories":[65],"tags":[182,92,621,189],"class_list":["post-25675","post","type-post","status-publish","format-standard","has-post-thumbnail","hentry","category-companhia","tag-carreira","tag-nu-colombia-3","tag-nu-mexico-pt-br","tag-nubank-brasil"],"acf":[],"yoast_head":"<!-- This site is optimized with the Yoast SEO plugin v28.4 - https:\/\/yoast.com\/product\/yoast-seo-wordpress\/ -->\n<title>Nubank nomeia Livia Chanes como CEO para a Am\u00e9rica Latina<\/title>\n<meta name=\"description\" content=\"Executiva amplia escopo para liderar as opera\u00e7\u00f5es regionais no momento em que o Nu acelera o crescimento em todas as localidades onde opera.\" \/>\n<meta name=\"robots\" content=\"index, follow, max-snippet:-1, max-image-preview:large, max-video-preview:-1\" \/>\n<link rel=\"canonical\" href=\"https:\/\/international.nubank.com.br\/pt-br\/companhia\/nubank-nomeia-livia-chanes-como-ceo-para-a-america-latina\/\" \/>\n<meta property=\"og:locale\" content=\"pt_BR\" \/>\n<meta property=\"og:type\" content=\"article\" \/>\n<meta property=\"og:title\" content=\"Nubank nomeia Livia Chanes como CEO para a Am\u00e9rica Latina\" \/>\n<meta property=\"og:description\" content=\"Executiva amplia escopo para liderar as opera\u00e7\u00f5es regionais no momento em que o Nu acelera o crescimento em todas as localidades onde opera.\" \/>\n<meta property=\"og:url\" content=\"https:\/\/international.nubank.com.br\/pt-br\/companhia\/nubank-nomeia-livia-chanes-como-ceo-para-a-america-latina\/\" \/>\n<meta property=\"og:site_name\" content=\"Nu International\" \/>\n<meta property=\"article:published_time\" content=\"2026-07-15T12:00:00+00:00\" \/>\n<meta property=\"article:modified_time\" content=\"2026-07-21T12:55:53+00:00\" \/>\n<meta property=\"og:image\" content=\"https:\/\/international.nubank.com.br\/wp-content\/uploads\/2026\/07\/Livia-Chanes-3-1024x826.jpg\" \/>\n\t<meta property=\"og:image:width\" content=\"1024\" \/>\n\t<meta property=\"og:image:height\" content=\"826\" \/>\n\t<meta property=\"og:image:type\" content=\"image\/jpeg\" \/>\n<meta name=\"author\" content=\"chaian.raiad@nubank.com.br\" \/>\n<meta name=\"twitter:card\" content=\"summary_large_image\" \/>\n<meta name=\"twitter:label1\" content=\"Escrito por\" \/>\n\t<meta name=\"twitter:data1\" content=\"chaian.raiad@nubank.com.br\" \/>\n\t<meta name=\"twitter:label2\" content=\"Est. tempo de leitura\" \/>\n\t<meta name=\"twitter:data2\" content=\"3 minutos\" \/>\n<script type=\"application\/ld+json\" class=\"yoast-schema-graph\">{\"@context\":\"https:\\\/\\\/schema.org\",\"@graph\":[{\"@type\":\"NewsArticle\",\"@id\":\"https:\\\/\\\/international.nubank.com.br\\\/pt-br\\\/companhia\\\/nubank-nomeia-livia-chanes-como-ceo-para-a-america-latina\\\/#article\",\"isPartOf\":{\"@id\":\"https:\\\/\\\/international.nubank.com.br\\\/pt-br\\\/companhia\\\/nubank-nomeia-livia-chanes-como-ceo-para-a-america-latina\\\/\"},\"author\":{\"name\":\"chaian.raiad@nubank.com.br\",\"@id\":\"https:\\\/\\\/international.nubank.com.br\\\/pt-br\\\/#\\\/schema\\\/person\\\/14905a8fc84dcd563c423f91624fc8af\"},\"headline\":\"Nubank nomeia Livia Chanes como CEO para a Am\u00e9rica Latina\",\"datePublished\":\"2026-07-15T12:00:00+00:00\",\"dateModified\":\"2026-07-21T12:55:53+00:00\",\"mainEntityOfPage\":{\"@id\":\"https:\\\/\\\/international.nubank.com.br\\\/pt-br\\\/companhia\\\/nubank-nomeia-livia-chanes-como-ceo-para-a-america-latina\\\/\"},\"wordCount\":706,\"commentCount\":0,\"publisher\":{\"@id\":\"https:\\\/\\\/international.nubank.com.br\\\/pt-br\\\/#organization\"},\"image\":{\"@id\":\"https:\\\/\\\/international.nubank.com.br\\\/pt-br\\\/companhia\\\/nubank-nomeia-livia-chanes-como-ceo-para-a-america-latina\\\/#primaryimage\"},\"thumbnailUrl\":\"https:\\\/\\\/international.nubank.com.br\\\/wp-content\\\/uploads\\\/2026\\\/07\\\/Livia-Chanes-3.jpg\",\"keywords\":[\"Carreiras\",\"Nu Colombia\",\"Nu Mexico\",\"Nubank Brasil\"],\"articleSection\":[\"Companhia\"],\"inLanguage\":\"pt-BR\",\"potentialAction\":[{\"@type\":\"CommentAction\",\"name\":\"Comment\",\"target\":[\"https:\\\/\\\/international.nubank.com.br\\\/pt-br\\\/companhia\\\/nubank-nomeia-livia-chanes-como-ceo-para-a-america-latina\\\/#respond\"]}]},{\"@type\":\"WebPage\",\"@id\":\"https:\\\/\\\/international.nubank.com.br\\\/pt-br\\\/companhia\\\/nubank-nomeia-livia-chanes-como-ceo-para-a-america-latina\\\/\",\"url\":\"https:\\\/\\\/international.nubank.com.br\\\/pt-br\\\/companhia\\\/nubank-nomeia-livia-chanes-como-ceo-para-a-america-latina\\\/\",\"name\":\"Nubank nomeia Livia Chanes como CEO para a Am\u00e9rica Latina\",\"isPartOf\":{\"@id\":\"https:\\\/\\\/international.nubank.com.br\\\/pt-br\\\/#website\"},\"primaryImageOfPage\":{\"@id\":\"https:\\\/\\\/international.nubank.com.br\\\/pt-br\\\/companhia\\\/nubank-nomeia-livia-chanes-como-ceo-para-a-america-latina\\\/#primaryimage\"},\"image\":{\"@id\":\"https:\\\/\\\/international.nubank.com.br\\\/pt-br\\\/companhia\\\/nubank-nomeia-livia-chanes-como-ceo-para-a-america-latina\\\/#primaryimage\"},\"thumbnailUrl\":\"https:\\\/\\\/international.nubank.com.br\\\/wp-content\\\/uploads\\\/2026\\\/07\\\/Livia-Chanes-3.jpg\",\"datePublished\":\"2026-07-15T12:00:00+00:00\",\"dateModified\":\"2026-07-21T12:55:53+00:00\",\"description\":\"Executiva amplia escopo para liderar as opera\u00e7\u00f5es regionais no momento em que o Nu acelera o crescimento em todas as localidades onde opera.\",\"breadcrumb\":{\"@id\":\"https:\\\/\\\/international.nubank.com.br\\\/pt-br\\\/companhia\\\/nubank-nomeia-livia-chanes-como-ceo-para-a-america-latina\\\/#breadcrumb\"},\"inLanguage\":\"pt-BR\",\"potentialAction\":[{\"@type\":\"ReadAction\",\"target\":[\"https:\\\/\\\/international.nubank.com.br\\\/pt-br\\\/companhia\\\/nubank-nomeia-livia-chanes-como-ceo-para-a-america-latina\\\/\"]}]},{\"@type\":\"ImageObject\",\"inLanguage\":\"pt-BR\",\"@id\":\"https:\\\/\\\/international.nubank.com.br\\\/pt-br\\\/companhia\\\/nubank-nomeia-livia-chanes-como-ceo-para-a-america-latina\\\/#primaryimage\",\"url\":\"https:\\\/\\\/international.nubank.com.br\\\/wp-content\\\/uploads\\\/2026\\\/07\\\/Livia-Chanes-3.jpg\",\"contentUrl\":\"https:\\\/\\\/international.nubank.com.br\\\/wp-content\\\/uploads\\\/2026\\\/07\\\/Livia-Chanes-3.jpg\",\"width\":3645,\"height\":2941},{\"@type\":\"BreadcrumbList\",\"@id\":\"https:\\\/\\\/international.nubank.com.br\\\/pt-br\\\/companhia\\\/nubank-nomeia-livia-chanes-como-ceo-para-a-america-latina\\\/#breadcrumb\",\"itemListElement\":[{\"@type\":\"ListItem\",\"position\":1,\"name\":\"Home\",\"item\":\"https:\\\/\\\/international.nubank.com.br\\\/pt-br\\\/\"},{\"@type\":\"ListItem\",\"position\":2,\"name\":\"Nubank nomeia Livia Chanes como CEO para a Am\u00e9rica Latina\"}]},{\"@type\":\"WebSite\",\"@id\":\"https:\\\/\\\/international.nubank.com.br\\\/pt-br\\\/#website\",\"url\":\"https:\\\/\\\/international.nubank.com.br\\\/pt-br\\\/\",\"name\":\"Nu International\",\"description\":\"\",\"publisher\":{\"@id\":\"https:\\\/\\\/international.nubank.com.br\\\/pt-br\\\/#organization\"},\"potentialAction\":[{\"@type\":\"SearchAction\",\"target\":{\"@type\":\"EntryPoint\",\"urlTemplate\":\"https:\\\/\\\/international.nubank.com.br\\\/pt-br\\\/?s={search_term_string}\"},\"query-input\":{\"@type\":\"PropertyValueSpecification\",\"valueRequired\":true,\"valueName\":\"search_term_string\"}}],\"inLanguage\":\"pt-BR\"},{\"@type\":\"Organization\",\"@id\":\"https:\\\/\\\/international.nubank.com.br\\\/pt-br\\\/#organization\",\"name\":\"Nu International\",\"url\":\"https:\\\/\\\/international.nubank.com.br\\\/pt-br\\\/\",\"logo\":{\"@type\":\"ImageObject\",\"inLanguage\":\"pt-BR\",\"@id\":\"https:\\\/\\\/international.nubank.com.br\\\/pt-br\\\/#\\\/schema\\\/logo\\\/image\\\/\",\"url\":\"https:\\\/\\\/international.nubank.com.br\\\/wp-content\\\/uploads\\\/2022\\\/08\\\/favicon.png\",\"contentUrl\":\"https:\\\/\\\/international.nubank.com.br\\\/wp-content\\\/uploads\\\/2022\\\/08\\\/favicon.png\",\"width\":512,\"height\":512,\"caption\":\"Nu International\"},\"image\":{\"@id\":\"https:\\\/\\\/international.nubank.com.br\\\/pt-br\\\/#\\\/schema\\\/logo\\\/image\\\/\"}},{\"@type\":\"Person\",\"@id\":\"https:\\\/\\\/international.nubank.com.br\\\/pt-br\\\/#\\\/schema\\\/person\\\/14905a8fc84dcd563c423f91624fc8af\",\"name\":\"chaian.raiad@nubank.com.br\",\"image\":{\"@type\":\"ImageObject\",\"inLanguage\":\"pt-BR\",\"@id\":\"https:\\\/\\\/secure.gravatar.com\\\/avatar\\\/255751afabe73c3cc52646bbd37df8dc2925a3155ec69293f873554d4ca70c9b?s=96&d=mm&r=g\",\"url\":\"https:\\\/\\\/secure.gravatar.com\\\/avatar\\\/255751afabe73c3cc52646bbd37df8dc2925a3155ec69293f873554d4ca70c9b?s=96&d=mm&r=g\",\"contentUrl\":\"https:\\\/\\\/secure.gravatar.com\\\/avatar\\\/255751afabe73c3cc52646bbd37df8dc2925a3155ec69293f873554d4ca70c9b?s=96&d=mm&r=g\",\"caption\":\"chaian.raiad@nubank.com.br\"},\"url\":\"https:\\\/\\\/international.nubank.com.br\\\/pt-br\\\/author\\\/nuchaianraiad\\\/\"}]}<\/script>\n<!-- \/ Yoast SEO plugin. -->","yoast_head_json":{"title":"Nubank nomeia Livia Chanes como CEO para a Am\u00e9rica Latina","description":"Executiva amplia escopo para liderar as opera\u00e7\u00f5es regionais no momento em que o Nu acelera o crescimento em todas as localidades onde opera.","robots":{"index":"index","follow":"follow","max-snippet":"max-snippet:-1","max-image-preview":"max-image-preview:large","max-video-preview":"max-video-preview:-1"},"canonical":"https:\/\/international.nubank.com.br\/pt-br\/companhia\/nubank-nomeia-livia-chanes-como-ceo-para-a-america-latina\/","og_locale":"pt_BR","og_type":"article","og_title":"Nubank nomeia Livia Chanes como CEO para a Am\u00e9rica Latina","og_description":"Executiva amplia escopo para liderar as opera\u00e7\u00f5es regionais no momento em que o Nu acelera o crescimento em todas as localidades onde opera.","og_url":"https:\/\/international.nubank.com.br\/pt-br\/companhia\/nubank-nomeia-livia-chanes-como-ceo-para-a-america-latina\/","og_site_name":"Nu International","article_published_time":"2026-07-15T12:00:00+00:00","article_modified_time":"2026-07-21T12:55:53+00:00","og_image":[{"width":1024,"height":826,"url":"https:\/\/international.nubank.com.br\/wp-content\/uploads\/2026\/07\/Livia-Chanes-3-1024x826.jpg","type":"image\/jpeg"}],"author":"chaian.raiad@nubank.com.br","twitter_card":"summary_large_image","twitter_misc":{"Escrito por":"chaian.raiad@nubank.com.br","Est. tempo de leitura":"3 minutos"},"schema":{"@context":"https:\/\/schema.org","@graph":[{"@type":"NewsArticle","@id":"https:\/\/international.nubank.com.br\/pt-br\/companhia\/nubank-nomeia-livia-chanes-como-ceo-para-a-america-latina\/#article","isPartOf":{"@id":"https:\/\/international.nubank.com.br\/pt-br\/companhia\/nubank-nomeia-livia-chanes-como-ceo-para-a-america-latina\/"},"author":{"name":"chaian.raiad@nubank.com.br","@id":"https:\/\/international.nubank.com.br\/pt-br\/#\/schema\/person\/14905a8fc84dcd563c423f91624fc8af"},"headline":"Nubank nomeia Livia Chanes como CEO para a Am\u00e9rica Latina","datePublished":"2026-07-15T12:00:00+00:00","dateModified":"2026-07-21T12:55:53+00:00","mainEntityOfPage":{"@id":"https:\/\/international.nubank.com.br\/pt-br\/companhia\/nubank-nomeia-livia-chanes-como-ceo-para-a-america-latina\/"},"wordCount":706,"commentCount":0,"publisher":{"@id":"https:\/\/international.nubank.com.br\/pt-br\/#organization"},"image":{"@id":"https:\/\/international.nubank.com.br\/pt-br\/companhia\/nubank-nomeia-livia-chanes-como-ceo-para-a-america-latina\/#primaryimage"},"thumbnailUrl":"https:\/\/international.nubank.com.br\/wp-content\/uploads\/2026\/07\/Livia-Chanes-3.jpg","keywords":["Carreiras","Nu Colombia","Nu Mexico","Nubank Brasil"],"articleSection":["Companhia"],"inLanguage":"pt-BR","potentialAction":[{"@type":"CommentAction","name":"Comment","target":["https:\/\/international.nubank.com.br\/pt-br\/companhia\/nubank-nomeia-livia-chanes-como-ceo-para-a-america-latina\/#respond"]}]},{"@type":"WebPage","@id":"https:\/\/international.nubank.com.br\/pt-br\/companhia\/nubank-nomeia-livia-chanes-como-ceo-para-a-america-latina\/","url":"https:\/\/international.nubank.com.br\/pt-br\/companhia\/nubank-nomeia-livia-chanes-como-ceo-para-a-america-latina\/","name":"Nubank nomeia Livia Chanes como CEO para a Am\u00e9rica Latina","isPartOf":{"@id":"https:\/\/international.nubank.com.br\/pt-br\/#website"},"primaryImageOfPage":{"@id":"https:\/\/international.nubank.com.br\/pt-br\/companhia\/nubank-nomeia-livia-chanes-como-ceo-para-a-america-latina\/#primaryimage"},"image":{"@id":"https:\/\/international.nubank.com.br\/pt-br\/companhia\/nubank-nomeia-livia-chanes-como-ceo-para-a-america-latina\/#primaryimage"},"thumbnailUrl":"https:\/\/international.nubank.com.br\/wp-content\/uploads\/2026\/07\/Livia-Chanes-3.jpg","datePublished":"2026-07-15T12:00:00+00:00","dateModified":"2026-07-21T12:55:53+00:00","description":"Executiva amplia escopo para liderar as opera\u00e7\u00f5es regionais no momento em que o Nu acelera o crescimento em todas as localidades onde opera.","breadcrumb":{"@id":"https:\/\/international.nubank.com.br\/pt-br\/companhia\/nubank-nomeia-livia-chanes-como-ceo-para-a-america-latina\/#breadcrumb"},"inLanguage":"pt-BR","potentialAction":[{"@type":"ReadAction","target":["https:\/\/international.nubank.com.br\/pt-br\/companhia\/nubank-nomeia-livia-chanes-como-ceo-para-a-america-latina\/"]}]},{"@type":"ImageObject","inLanguage":"pt-BR","@id":"https:\/\/international.nubank.com.br\/pt-br\/companhia\/nubank-nomeia-livia-chanes-como-ceo-para-a-america-latina\/#primaryimage","url":"https:\/\/international.nubank.com.br\/wp-content\/uploads\/2026\/07\/Livia-Chanes-3.jpg","contentUrl":"https:\/\/international.nubank.com.br\/wp-content\/uploads\/2026\/07\/Livia-Chanes-3.jpg","width":3645,"height":2941},{"@type":"BreadcrumbList","@id":"https:\/\/international.nubank.com.br\/pt-br\/companhia\/nubank-nomeia-livia-chanes-como-ceo-para-a-america-latina\/#breadcrumb","itemListElement":[{"@type":"ListItem","position":1,"name":"Home","item":"https:\/\/international.nubank.com.br\/pt-br\/"},{"@type":"ListItem","position":2,"name":"Nubank nomeia Livia Chanes como CEO para a Am\u00e9rica Latina"}]},{"@type":"WebSite","@id":"https:\/\/international.nubank.com.br\/pt-br\/#website","url":"https:\/\/international.nubank.com.br\/pt-br\/","name":"Nu International","description":"","publisher":{"@id":"https:\/\/international.nubank.com.br\/pt-br\/#organization"},"potentialAction":[{"@type":"SearchAction","target":{"@type":"EntryPoint","urlTemplate":"https:\/\/international.nubank.com.br\/pt-br\/?s={search_term_string}"},"query-input":{"@type":"PropertyValueSpecification","valueRequired":true,"valueName":"search_term_string"}}],"inLanguage":"pt-BR"},{"@type":"Organization","@id":"https:\/\/international.nubank.com.br\/pt-br\/#organization","name":"Nu International","url":"https:\/\/international.nubank.com.br\/pt-br\/","logo":{"@type":"ImageObject","inLanguage":"pt-BR","@id":"https:\/\/international.nubank.com.br\/pt-br\/#\/schema\/logo\/image\/","url":"https:\/\/international.nubank.com.br\/wp-content\/uploads\/2022\/08\/favicon.png","contentUrl":"https:\/\/international.nubank.com.br\/wp-content\/uploads\/2022\/08\/favicon.png","width":512,"height":512,"caption":"Nu International"},"image":{"@id":"https:\/\/international.nubank.com.br\/pt-br\/#\/schema\/logo\/image\/"}},{"@type":"Person","@id":"https:\/\/international.nubank.com.br\/pt-br\/#\/schema\/person\/14905a8fc84dcd563c423f91624fc8af","name":"chaian.raiad@nubank.com.br","image":{"@type":"ImageObject","inLanguage":"pt-BR","@id":"https:\/\/secure.gravatar.com\/avatar\/255751afabe73c3cc52646bbd37df8dc2925a3155ec69293f873554d4ca70c9b?s=96&d=mm&r=g","url":"https:\/\/secure.gravatar.com\/avatar\/255751afabe73c3cc52646bbd37df8dc2925a3155ec69293f873554d4ca70c9b?s=96&d=mm&r=g","contentUrl":"https:\/\/secure.gravatar.com\/avatar\/255751afabe73c3cc52646bbd37df8dc2925a3155ec69293f873554d4ca70c9b?s=96&d=mm&r=g","caption":"chaian.raiad@nubank.com.br"},"url":"https:\/\/international.nubank.com.br\/pt-br\/author\/nuchaianraiad\/"}]}},"jetpack_shortlink":"https:\/\/wp.me\/peaOGT-6G7","jetpack_featured_media_url":"https:\/\/international.nubank.com.br\/wp-content\/uploads\/2026\/07\/Livia-Chanes-3.jpg","_links":{"self":[{"href":"https:\/\/international.nubank.com.br\/pt-br\/wp-json\/wp\/v2\/posts\/25675","targetHints":{"allow":["GET"]}}],"collection":[{"href":"https:\/\/international.nubank.com.br\/pt-br\/wp-json\/wp\/v2\/posts"}],"about":[{"href":"https:\/\/international.nubank.com.br\/pt-br\/wp-json\/wp\/v2\/types\/post"}],"author":[{"embeddable":true,"href":"https:\/\/international.nubank.com.br\/pt-br\/wp-json\/wp\/v2\/users\/13"}],"replies":[{"embeddable":true,"href":"https:\/\/international.nubank.com.br\/pt-br\/wp-json\/wp\/v2\/comments?post=25675"}],"version-history":[{"count":5,"href":"https:\/\/international.nubank.com.br\/pt-br\/wp-json\/wp\/v2\/posts\/25675\/revisions"}],"predecessor-version":[{"id":25691,"href":"https:\/\/international.nubank.com.br\/pt-br\/wp-json\/wp\/v2\/posts\/25675\/revisions\/25691"}],"wp:featuredmedia":[{"embeddable":true,"href":"https:\/\/international.nubank.com.br\/pt-br\/wp-json\/wp\/v2\/media\/25698"}],"wp:attachment":[{"href":"https:\/\/international.nubank.com.br\/pt-br\/wp-json\/wp\/v2\/media?parent=25675"}],"wp:term":[{"taxonomy":"category","embeddable":true,"href":"https:\/\/international.nubank.com.br\/pt-br\/wp-json\/wp\/v2\/categories?post=25675"},{"taxonomy":"post_tag","embeddable":true,"href":"https:\/\/international.nubank.com.br\/pt-br\/wp-json\/wp\/v2\/tags?post=25675"}],"curies":[{"name":"wp","href":"https:\/\/api.w.org\/{rel}","templated":true}]}}