{"id":6556,"date":"2023-03-06T12:02:04","date_gmt":"2023-03-06T15:02:04","guid":{"rendered":"https:\/\/international.nubank.com.br\/?p=6556"},"modified":"2023-03-06T12:17:17","modified_gmt":"2023-03-06T15:17:17","slug":"nubank-nomeia-david-marcus-para-o-conselho-de-administracao","status":"publish","type":"post","link":"https:\/\/international.nubank.com.br\/pt-br\/companhia\/nubank-nomeia-david-marcus-para-o-conselho-de-administracao\/","title":{"rendered":"Nubank nomeia David Marcus para o Conselho de Administra\u00e7\u00e3o"},"content":{"rendered":"\n<p><strong>S\u00e3o Paulo, 6 de mar\u00e7o, 2023 \u2013 <\/strong>O Nubank, uma das maiores plataformas de banco digital do mundo, anuncia que David Marcus foi nomeado membro de seu Conselho de Administra\u00e7\u00e3o. David Marcus \u00e9 CEO e co-fundador da Lightspark e tem uma s\u00f3lida carreira em cargos de lideran\u00e7a em empresas de tecnologia, incluindo Meta e PayPal. Com forte hist\u00f3rico empreendedor, Marcus criou tr\u00eas startups nas \u00faltimas tr\u00eas d\u00e9cadas. Como membro do Conselho, Marcus ter\u00e1 um papel fundamental na jornada do Nubank \u00e0 medida que a empresa se expande em sua estrat\u00e9gia multipa\u00eds, multiproduto e multisegmento.<\/p>\n\n\n\n<p>\u201cDavid tem uma carreira impressionante na interse\u00e7\u00e3o de servi\u00e7os financeiros e de tecnologia de consumo, moldando o futuro da ind\u00fastria. Ele traz perspectivas \u00fanicas sobre como desenvolver produtos de consumo e financeiros para uma escala verdadeiramente global. Liderou projetos como o Meta&#8217;s Messenger, que chegou a mais de 1,5 bilh\u00e3o de usu\u00e1rios sob sua orienta\u00e7\u00e3o. Tamb\u00e9m atuou como presidente do PayPal. Estamos entusiasmados em receber algu\u00e9m com a experi\u00eancia de David em nosso Conselho de Administra\u00e7\u00e3o \u00e0 medida que expandimos nosso alcance em novos mercados e segmentos e continuamos impulsionando a inova\u00e7\u00e3o\u201d, diz David V\u00e9lez, CEO e fundador do Nubank.<\/p>\n\n\n\n<p>Marcus \u00e9 CEO e co-fundador da Lightspark, uma empresa com foco na constru\u00e7\u00e3o de infraestrutura para a rede Lightning. Recentemente, ele liderou todos os esfor\u00e7os de pagamentos e cripto na Meta (antes Facebook), na qual ingressou em 2014 para liderar o Messenger, que ele fez crescer de 200 milh\u00f5es de usu\u00e1rios mensais para mais de 1,5 bilh\u00e3o em sua gest\u00e3o. Anteriormente, foi presidente do PayPal. Com perfil empreendedor, Marcus lan\u00e7ou duas empresas na Europa e, em seguida, fundou a empresa de pagamentos m\u00f3veis Zong, no Vale do Sil\u00edcio, que foi adquirida pelo PayPal em 2011.<\/p>\n\n\n\n<p>Marcus chega ao Nubank em um momento em que a empresa alcan\u00e7ou 75 milh\u00f5es de clientes no Brasil, M\u00e9xico e Col\u00f4mbia e teve um trimestre recorde, com crescimento em todas as m\u00e9tricas e um aumento significativo no lucro. No Brasil, a empresa teve um aumento de receita l\u00edquida para $138 milh\u00f5es de d\u00f3lares no \u00faltimo trimestre, com um ROE anualizado de 35% &#8211; entre os mais altos da ind\u00fastria, evidenciando o potencial lucrativo do nosso modelo de neg\u00f3cio.<\/p>\n\n\n\n<p>\u201cO Nubank \u00e9 uma das maiores plataformas de servi\u00e7os financeiros digitais e de mais r\u00e1pido crescimento em todo o mundo. O que a empresa alcan\u00e7ou na \u00faltima d\u00e9cada indica uma oportunidade de crescimento empolgante e significativa que temos pela frente. Estou muito feliz por ingressar no Nubank nesta jornada como membro de seu Conselho de Administra\u00e7\u00e3o e ansioso para trabalhar de perto com uma lideran\u00e7a e equipe talentosas\u201d, diz David Marcus.<\/p>\n\n\n\n<p>Al\u00e9m de David Marcus, o <a href=\"https:\/\/www.investidores.nu\/governanca\/conselho-de-administracao\/\" target=\"_blank\" rel=\"noreferrer noopener\">Conselho de Administra\u00e7\u00e3o do Nubank<\/a> \u00e9 formado por Anita Sands, Daniel Goldberg, Doug Leone, Jacqueline Reses, Luis Alberto Moreno, Thuan Pham, Rog\u00e9rio Calder\u00f3n e David V\u00e9lez, presidente do Conselho.<\/p>\n","protected":false},"excerpt":{"rendered":"<p>Empres\u00e1rio tem d\u00e9cadas de experi\u00eancia nos setores de servi\u00e7os financeiros e tecnologia<\/p>\n","protected":false},"author":8,"featured_media":9854,"comment_status":"open","ping_status":"open","sticky":false,"template":"","format":"standard","meta":{"_acf_changed":false,"footnotes":""},"categories":[65],"tags":[],"class_list":["post-6556","post","type-post","status-publish","format-standard","has-post-thumbnail","hentry","category-companhia"],"acf":[],"yoast_head":"<!-- This site is optimized with the Yoast SEO plugin v27.5 - https:\/\/yoast.com\/product\/yoast-seo-wordpress\/ -->\n<title>Nubank nomeia David Marcus para o Conselho de Administra\u00e7\u00e3o - Nu International<\/title>\n<meta name=\"robots\" content=\"index, follow, max-snippet:-1, max-image-preview:large, max-video-preview:-1\" \/>\n<link rel=\"canonical\" href=\"https:\/\/international.nubank.com.br\/pt-br\/companhia\/nubank-nomeia-david-marcus-para-o-conselho-de-administracao\/\" \/>\n<meta property=\"og:locale\" content=\"pt_BR\" \/>\n<meta property=\"og:type\" content=\"article\" \/>\n<meta property=\"og:title\" content=\"Nubank nomeia David Marcus para o Conselho de Administra\u00e7\u00e3o - Nu International\" \/>\n<meta property=\"og:description\" content=\"Empres\u00e1rio tem d\u00e9cadas de experi\u00eancia nos setores de servi\u00e7os financeiros e tecnologia\" \/>\n<meta property=\"og:url\" content=\"https:\/\/international.nubank.com.br\/pt-br\/companhia\/nubank-nomeia-david-marcus-para-o-conselho-de-administracao\/\" \/>\n<meta property=\"og:site_name\" content=\"Nu International\" \/>\n<meta property=\"article:published_time\" content=\"2023-03-06T15:02:04+00:00\" \/>\n<meta property=\"article:modified_time\" content=\"2023-03-06T15:17:17+00:00\" \/>\n<meta property=\"og:image\" content=\"https:\/\/international.nubank.com.br\/wp-content\/uploads\/2023\/08\/Copy-of-NBK02875-1.jpg\" \/>\n\t<meta property=\"og:image:width\" content=\"2048\" \/>\n\t<meta property=\"og:image:height\" content=\"1365\" \/>\n\t<meta property=\"og:image:type\" content=\"image\/jpeg\" \/>\n<meta name=\"author\" content=\"nuluizapollo\" \/>\n<meta name=\"twitter:card\" content=\"summary_large_image\" \/>\n<meta name=\"twitter:label1\" content=\"Escrito por\" \/>\n\t<meta name=\"twitter:data1\" content=\"nuluizapollo\" \/>\n<script type=\"application\/ld+json\" class=\"yoast-schema-graph\">{\"@context\":\"https:\\\/\\\/schema.org\",\"@graph\":[{\"@type\":\"NewsArticle\",\"@id\":\"https:\\\/\\\/international.nubank.com.br\\\/pt-br\\\/companhia\\\/nubank-nomeia-david-marcus-para-o-conselho-de-administracao\\\/#article\",\"isPartOf\":{\"@id\":\"https:\\\/\\\/international.nubank.com.br\\\/pt-br\\\/companhia\\\/nubank-nomeia-david-marcus-para-o-conselho-de-administracao\\\/\"},\"author\":{\"name\":\"nuluizapollo\",\"@id\":\"https:\\\/\\\/international.nubank.com.br\\\/pt-br\\\/#\\\/schema\\\/person\\\/44d6a2d02d9905ee515a6d545217cd88\"},\"headline\":\"Nubank nomeia David Marcus para o Conselho de Administra\u00e7\u00e3o\",\"datePublished\":\"2023-03-06T15:02:04+00:00\",\"dateModified\":\"2023-03-06T15:17:17+00:00\",\"mainEntityOfPage\":{\"@id\":\"https:\\\/\\\/international.nubank.com.br\\\/pt-br\\\/companhia\\\/nubank-nomeia-david-marcus-para-o-conselho-de-administracao\\\/\"},\"wordCount\":519,\"commentCount\":0,\"publisher\":{\"@id\":\"https:\\\/\\\/international.nubank.com.br\\\/pt-br\\\/#organization\"},\"image\":{\"@id\":\"https:\\\/\\\/international.nubank.com.br\\\/pt-br\\\/companhia\\\/nubank-nomeia-david-marcus-para-o-conselho-de-administracao\\\/#primaryimage\"},\"thumbnailUrl\":\"https:\\\/\\\/international.nubank.com.br\\\/wp-content\\\/uploads\\\/2023\\\/08\\\/Copy-of-NBK02875-1.jpg\",\"articleSection\":[\"Companhia\"],\"inLanguage\":\"pt-BR\",\"potentialAction\":[{\"@type\":\"CommentAction\",\"name\":\"Comment\",\"target\":[\"https:\\\/\\\/international.nubank.com.br\\\/pt-br\\\/companhia\\\/nubank-nomeia-david-marcus-para-o-conselho-de-administracao\\\/#respond\"]}]},{\"@type\":\"WebPage\",\"@id\":\"https:\\\/\\\/international.nubank.com.br\\\/pt-br\\\/companhia\\\/nubank-nomeia-david-marcus-para-o-conselho-de-administracao\\\/\",\"url\":\"https:\\\/\\\/international.nubank.com.br\\\/pt-br\\\/companhia\\\/nubank-nomeia-david-marcus-para-o-conselho-de-administracao\\\/\",\"name\":\"Nubank nomeia David Marcus para o Conselho de Administra\u00e7\u00e3o - Nu International\",\"isPartOf\":{\"@id\":\"https:\\\/\\\/international.nubank.com.br\\\/pt-br\\\/#website\"},\"primaryImageOfPage\":{\"@id\":\"https:\\\/\\\/international.nubank.com.br\\\/pt-br\\\/companhia\\\/nubank-nomeia-david-marcus-para-o-conselho-de-administracao\\\/#primaryimage\"},\"image\":{\"@id\":\"https:\\\/\\\/international.nubank.com.br\\\/pt-br\\\/companhia\\\/nubank-nomeia-david-marcus-para-o-conselho-de-administracao\\\/#primaryimage\"},\"thumbnailUrl\":\"https:\\\/\\\/international.nubank.com.br\\\/wp-content\\\/uploads\\\/2023\\\/08\\\/Copy-of-NBK02875-1.jpg\",\"datePublished\":\"2023-03-06T15:02:04+00:00\",\"dateModified\":\"2023-03-06T15:17:17+00:00\",\"breadcrumb\":{\"@id\":\"https:\\\/\\\/international.nubank.com.br\\\/pt-br\\\/companhia\\\/nubank-nomeia-david-marcus-para-o-conselho-de-administracao\\\/#breadcrumb\"},\"inLanguage\":\"pt-BR\",\"potentialAction\":[{\"@type\":\"ReadAction\",\"target\":[\"https:\\\/\\\/international.nubank.com.br\\\/pt-br\\\/companhia\\\/nubank-nomeia-david-marcus-para-o-conselho-de-administracao\\\/\"]}]},{\"@type\":\"ImageObject\",\"inLanguage\":\"pt-BR\",\"@id\":\"https:\\\/\\\/international.nubank.com.br\\\/pt-br\\\/companhia\\\/nubank-nomeia-david-marcus-para-o-conselho-de-administracao\\\/#primaryimage\",\"url\":\"https:\\\/\\\/international.nubank.com.br\\\/wp-content\\\/uploads\\\/2023\\\/08\\\/Copy-of-NBK02875-1.jpg\",\"contentUrl\":\"https:\\\/\\\/international.nubank.com.br\\\/wp-content\\\/uploads\\\/2023\\\/08\\\/Copy-of-NBK02875-1.jpg\",\"width\":2048,\"height\":1365},{\"@type\":\"BreadcrumbList\",\"@id\":\"https:\\\/\\\/international.nubank.com.br\\\/pt-br\\\/companhia\\\/nubank-nomeia-david-marcus-para-o-conselho-de-administracao\\\/#breadcrumb\",\"itemListElement\":[{\"@type\":\"ListItem\",\"position\":1,\"name\":\"Home\",\"item\":\"https:\\\/\\\/international.nubank.com.br\\\/pt-br\\\/\"},{\"@type\":\"ListItem\",\"position\":2,\"name\":\"Nubank nomeia David Marcus para o Conselho de Administra\u00e7\u00e3o\"}]},{\"@type\":\"WebSite\",\"@id\":\"https:\\\/\\\/international.nubank.com.br\\\/pt-br\\\/#website\",\"url\":\"https:\\\/\\\/international.nubank.com.br\\\/pt-br\\\/\",\"name\":\"Nu International\",\"description\":\"\",\"publisher\":{\"@id\":\"https:\\\/\\\/international.nubank.com.br\\\/pt-br\\\/#organization\"},\"potentialAction\":[{\"@type\":\"SearchAction\",\"target\":{\"@type\":\"EntryPoint\",\"urlTemplate\":\"https:\\\/\\\/international.nubank.com.br\\\/pt-br\\\/?s={search_term_string}\"},\"query-input\":{\"@type\":\"PropertyValueSpecification\",\"valueRequired\":true,\"valueName\":\"search_term_string\"}}],\"inLanguage\":\"pt-BR\"},{\"@type\":\"Organization\",\"@id\":\"https:\\\/\\\/international.nubank.com.br\\\/pt-br\\\/#organization\",\"name\":\"Nu International\",\"url\":\"https:\\\/\\\/international.nubank.com.br\\\/pt-br\\\/\",\"logo\":{\"@type\":\"ImageObject\",\"inLanguage\":\"pt-BR\",\"@id\":\"https:\\\/\\\/international.nubank.com.br\\\/pt-br\\\/#\\\/schema\\\/logo\\\/image\\\/\",\"url\":\"https:\\\/\\\/international.nubank.com.br\\\/wp-content\\\/uploads\\\/2022\\\/08\\\/favicon.png\",\"contentUrl\":\"https:\\\/\\\/international.nubank.com.br\\\/wp-content\\\/uploads\\\/2022\\\/08\\\/favicon.png\",\"width\":512,\"height\":512,\"caption\":\"Nu International\"},\"image\":{\"@id\":\"https:\\\/\\\/international.nubank.com.br\\\/pt-br\\\/#\\\/schema\\\/logo\\\/image\\\/\"}},{\"@type\":\"Person\",\"@id\":\"https:\\\/\\\/international.nubank.com.br\\\/pt-br\\\/#\\\/schema\\\/person\\\/44d6a2d02d9905ee515a6d545217cd88\",\"name\":\"nuluizapollo\",\"image\":{\"@type\":\"ImageObject\",\"inLanguage\":\"pt-BR\",\"@id\":\"https:\\\/\\\/secure.gravatar.com\\\/avatar\\\/b1b108f8398da66e106b73733d76623a1f767363733ddf925bfbda4091ee8640?s=96&d=mm&r=g\",\"url\":\"https:\\\/\\\/secure.gravatar.com\\\/avatar\\\/b1b108f8398da66e106b73733d76623a1f767363733ddf925bfbda4091ee8640?s=96&d=mm&r=g\",\"contentUrl\":\"https:\\\/\\\/secure.gravatar.com\\\/avatar\\\/b1b108f8398da66e106b73733d76623a1f767363733ddf925bfbda4091ee8640?s=96&d=mm&r=g\",\"caption\":\"nuluizapollo\"},\"url\":\"https:\\\/\\\/international.nubank.com.br\\\/pt-br\\\/author\\\/nuluizapollo\\\/\"}]}<\/script>\n<!-- \/ Yoast SEO plugin. -->","yoast_head_json":{"title":"Nubank nomeia David Marcus para o Conselho de Administra\u00e7\u00e3o - Nu International","robots":{"index":"index","follow":"follow","max-snippet":"max-snippet:-1","max-image-preview":"max-image-preview:large","max-video-preview":"max-video-preview:-1"},"canonical":"https:\/\/international.nubank.com.br\/pt-br\/companhia\/nubank-nomeia-david-marcus-para-o-conselho-de-administracao\/","og_locale":"pt_BR","og_type":"article","og_title":"Nubank nomeia David Marcus para o Conselho de Administra\u00e7\u00e3o - Nu International","og_description":"Empres\u00e1rio tem d\u00e9cadas de experi\u00eancia nos setores de servi\u00e7os financeiros e tecnologia","og_url":"https:\/\/international.nubank.com.br\/pt-br\/companhia\/nubank-nomeia-david-marcus-para-o-conselho-de-administracao\/","og_site_name":"Nu International","article_published_time":"2023-03-06T15:02:04+00:00","article_modified_time":"2023-03-06T15:17:17+00:00","og_image":[{"width":2048,"height":1365,"url":"https:\/\/international.nubank.com.br\/wp-content\/uploads\/2023\/08\/Copy-of-NBK02875-1.jpg","type":"image\/jpeg"}],"author":"nuluizapollo","twitter_card":"summary_large_image","twitter_misc":{"Escrito por":"nuluizapollo"},"schema":{"@context":"https:\/\/schema.org","@graph":[{"@type":"NewsArticle","@id":"https:\/\/international.nubank.com.br\/pt-br\/companhia\/nubank-nomeia-david-marcus-para-o-conselho-de-administracao\/#article","isPartOf":{"@id":"https:\/\/international.nubank.com.br\/pt-br\/companhia\/nubank-nomeia-david-marcus-para-o-conselho-de-administracao\/"},"author":{"name":"nuluizapollo","@id":"https:\/\/international.nubank.com.br\/pt-br\/#\/schema\/person\/44d6a2d02d9905ee515a6d545217cd88"},"headline":"Nubank nomeia David Marcus para o Conselho de Administra\u00e7\u00e3o","datePublished":"2023-03-06T15:02:04+00:00","dateModified":"2023-03-06T15:17:17+00:00","mainEntityOfPage":{"@id":"https:\/\/international.nubank.com.br\/pt-br\/companhia\/nubank-nomeia-david-marcus-para-o-conselho-de-administracao\/"},"wordCount":519,"commentCount":0,"publisher":{"@id":"https:\/\/international.nubank.com.br\/pt-br\/#organization"},"image":{"@id":"https:\/\/international.nubank.com.br\/pt-br\/companhia\/nubank-nomeia-david-marcus-para-o-conselho-de-administracao\/#primaryimage"},"thumbnailUrl":"https:\/\/international.nubank.com.br\/wp-content\/uploads\/2023\/08\/Copy-of-NBK02875-1.jpg","articleSection":["Companhia"],"inLanguage":"pt-BR","potentialAction":[{"@type":"CommentAction","name":"Comment","target":["https:\/\/international.nubank.com.br\/pt-br\/companhia\/nubank-nomeia-david-marcus-para-o-conselho-de-administracao\/#respond"]}]},{"@type":"WebPage","@id":"https:\/\/international.nubank.com.br\/pt-br\/companhia\/nubank-nomeia-david-marcus-para-o-conselho-de-administracao\/","url":"https:\/\/international.nubank.com.br\/pt-br\/companhia\/nubank-nomeia-david-marcus-para-o-conselho-de-administracao\/","name":"Nubank nomeia David Marcus para o Conselho de Administra\u00e7\u00e3o - Nu International","isPartOf":{"@id":"https:\/\/international.nubank.com.br\/pt-br\/#website"},"primaryImageOfPage":{"@id":"https:\/\/international.nubank.com.br\/pt-br\/companhia\/nubank-nomeia-david-marcus-para-o-conselho-de-administracao\/#primaryimage"},"image":{"@id":"https:\/\/international.nubank.com.br\/pt-br\/companhia\/nubank-nomeia-david-marcus-para-o-conselho-de-administracao\/#primaryimage"},"thumbnailUrl":"https:\/\/international.nubank.com.br\/wp-content\/uploads\/2023\/08\/Copy-of-NBK02875-1.jpg","datePublished":"2023-03-06T15:02:04+00:00","dateModified":"2023-03-06T15:17:17+00:00","breadcrumb":{"@id":"https:\/\/international.nubank.com.br\/pt-br\/companhia\/nubank-nomeia-david-marcus-para-o-conselho-de-administracao\/#breadcrumb"},"inLanguage":"pt-BR","potentialAction":[{"@type":"ReadAction","target":["https:\/\/international.nubank.com.br\/pt-br\/companhia\/nubank-nomeia-david-marcus-para-o-conselho-de-administracao\/"]}]},{"@type":"ImageObject","inLanguage":"pt-BR","@id":"https:\/\/international.nubank.com.br\/pt-br\/companhia\/nubank-nomeia-david-marcus-para-o-conselho-de-administracao\/#primaryimage","url":"https:\/\/international.nubank.com.br\/wp-content\/uploads\/2023\/08\/Copy-of-NBK02875-1.jpg","contentUrl":"https:\/\/international.nubank.com.br\/wp-content\/uploads\/2023\/08\/Copy-of-NBK02875-1.jpg","width":2048,"height":1365},{"@type":"BreadcrumbList","@id":"https:\/\/international.nubank.com.br\/pt-br\/companhia\/nubank-nomeia-david-marcus-para-o-conselho-de-administracao\/#breadcrumb","itemListElement":[{"@type":"ListItem","position":1,"name":"Home","item":"https:\/\/international.nubank.com.br\/pt-br\/"},{"@type":"ListItem","position":2,"name":"Nubank nomeia David Marcus para o Conselho de Administra\u00e7\u00e3o"}]},{"@type":"WebSite","@id":"https:\/\/international.nubank.com.br\/pt-br\/#website","url":"https:\/\/international.nubank.com.br\/pt-br\/","name":"Nu International","description":"","publisher":{"@id":"https:\/\/international.nubank.com.br\/pt-br\/#organization"},"potentialAction":[{"@type":"SearchAction","target":{"@type":"EntryPoint","urlTemplate":"https:\/\/international.nubank.com.br\/pt-br\/?s={search_term_string}"},"query-input":{"@type":"PropertyValueSpecification","valueRequired":true,"valueName":"search_term_string"}}],"inLanguage":"pt-BR"},{"@type":"Organization","@id":"https:\/\/international.nubank.com.br\/pt-br\/#organization","name":"Nu International","url":"https:\/\/international.nubank.com.br\/pt-br\/","logo":{"@type":"ImageObject","inLanguage":"pt-BR","@id":"https:\/\/international.nubank.com.br\/pt-br\/#\/schema\/logo\/image\/","url":"https:\/\/international.nubank.com.br\/wp-content\/uploads\/2022\/08\/favicon.png","contentUrl":"https:\/\/international.nubank.com.br\/wp-content\/uploads\/2022\/08\/favicon.png","width":512,"height":512,"caption":"Nu International"},"image":{"@id":"https:\/\/international.nubank.com.br\/pt-br\/#\/schema\/logo\/image\/"}},{"@type":"Person","@id":"https:\/\/international.nubank.com.br\/pt-br\/#\/schema\/person\/44d6a2d02d9905ee515a6d545217cd88","name":"nuluizapollo","image":{"@type":"ImageObject","inLanguage":"pt-BR","@id":"https:\/\/secure.gravatar.com\/avatar\/b1b108f8398da66e106b73733d76623a1f767363733ddf925bfbda4091ee8640?s=96&d=mm&r=g","url":"https:\/\/secure.gravatar.com\/avatar\/b1b108f8398da66e106b73733d76623a1f767363733ddf925bfbda4091ee8640?s=96&d=mm&r=g","contentUrl":"https:\/\/secure.gravatar.com\/avatar\/b1b108f8398da66e106b73733d76623a1f767363733ddf925bfbda4091ee8640?s=96&d=mm&r=g","caption":"nuluizapollo"},"url":"https:\/\/international.nubank.com.br\/pt-br\/author\/nuluizapollo\/"}]}},"jetpack_featured_media_url":"https:\/\/international.nubank.com.br\/wp-content\/uploads\/2023\/08\/Copy-of-NBK02875-1.jpg","jetpack_shortlink":"https:\/\/wp.me\/peaOGT-1HK","_links":{"self":[{"href":"https:\/\/international.nubank.com.br\/pt-br\/wp-json\/wp\/v2\/posts\/6556","targetHints":{"allow":["GET"]}}],"collection":[{"href":"https:\/\/international.nubank.com.br\/pt-br\/wp-json\/wp\/v2\/posts"}],"about":[{"href":"https:\/\/international.nubank.com.br\/pt-br\/wp-json\/wp\/v2\/types\/post"}],"author":[{"embeddable":true,"href":"https:\/\/international.nubank.com.br\/pt-br\/wp-json\/wp\/v2\/users\/8"}],"replies":[{"embeddable":true,"href":"https:\/\/international.nubank.com.br\/pt-br\/wp-json\/wp\/v2\/comments?post=6556"}],"version-history":[{"count":6,"href":"https:\/\/international.nubank.com.br\/pt-br\/wp-json\/wp\/v2\/posts\/6556\/revisions"}],"predecessor-version":[{"id":6567,"href":"https:\/\/international.nubank.com.br\/pt-br\/wp-json\/wp\/v2\/posts\/6556\/revisions\/6567"}],"wp:featuredmedia":[{"embeddable":true,"href":"https:\/\/international.nubank.com.br\/pt-br\/wp-json\/wp\/v2\/media\/9854"}],"wp:attachment":[{"href":"https:\/\/international.nubank.com.br\/pt-br\/wp-json\/wp\/v2\/media?parent=6556"}],"wp:term":[{"taxonomy":"category","embeddable":true,"href":"https:\/\/international.nubank.com.br\/pt-br\/wp-json\/wp\/v2\/categories?post=6556"},{"taxonomy":"post_tag","embeddable":true,"href":"https:\/\/international.nubank.com.br\/pt-br\/wp-json\/wp\/v2\/tags?post=6556"}],"curies":[{"name":"wp","href":"https:\/\/api.w.org\/{rel}","templated":true}]}}